{"id":645,"date":"2013-11-26T18:36:33","date_gmt":"2013-11-26T17:36:33","guid":{"rendered":"http:\/\/periodismo.umh.es\/?p=645"},"modified":"2013-11-26T18:36:33","modified_gmt":"2013-11-26T17:36:33","slug":"la-titulacion-de-periodismo-acoge-una-exitosa-jornada-sobre-periodismo-gastronomico","status":"publish","type":"post","link":"https:\/\/periodismo.umh.es\/en\/2013\/11\/26\/la-titulacion-de-periodismo-acoge-una-exitosa-jornada-sobre-periodismo-gastronomico\/","title":{"rendered":"<span lang=\"es\">(Espa\u00f1ol) LA TITULACI\u00d3N DE PERIODISMO ACOGE UNA EXITOSA JORNADA SOBRE PERIODISMO GASTRON\u00d3MICO<\/span>"},"content":{"rendered":"<p class=\"qtranxs-available-languages-message qtranxs-available-languages-message-en\">Sorry, this entry is only available in <a href=\"https:\/\/periodismo.umh.es\/es\/wp-json\/wp\/v2\/posts\/645\" class=\"qtranxs-available-language-link qtranxs-available-language-link-es\" title=\"Espa\u00f1ol\">European Spanish<\/a>.<\/p>","protected":false},"excerpt":{"rendered":"<p>Sorry, this entry is only available in European Spanish.<\/p>\n","protected":false},"author":1762,"featured_media":0,"comment_status":"closed","ping_status":"open","sticky":false,"template":"","format":"standard","meta":{"ngg_post_thumbnail":0,"_links_to":"","_links_to_target":""},"categories":[1224],"tags":[9296,9300,9302,9298,9295,9301,9299,9294,9297],"_links":{"self":[{"href":"https:\/\/periodismo.umh.es\/en\/wp-json\/wp\/v2\/posts\/645"}],"collection":[{"href":"https:\/\/periodismo.umh.es\/en\/wp-json\/wp\/v2\/posts"}],"about":[{"href":"https:\/\/periodismo.umh.es\/en\/wp-json\/wp\/v2\/types\/post"}],"author":[{"embeddable":true,"href":"https:\/\/periodismo.umh.es\/en\/wp-json\/wp\/v2\/users\/1762"}],"replies":[{"embeddable":true,"href":"https:\/\/periodismo.umh.es\/en\/wp-json\/wp\/v2\/comments?post=645"}],"version-history":[{"count":0,"href":"https:\/\/periodismo.umh.es\/en\/wp-json\/wp\/v2\/posts\/645\/revisions"}],"wp:attachment":[{"href":"https:\/\/periodismo.umh.es\/en\/wp-json\/wp\/v2\/media?parent=645"}],"wp:term":[{"taxonomy":"category","embeddable":true,"href":"https:\/\/periodismo.umh.es\/en\/wp-json\/wp\/v2\/categories?post=645"},{"taxonomy":"post_tag","embeddable":true,"href":"https:\/\/periodismo.umh.es\/en\/wp-json\/wp\/v2\/tags?post=645"}],"curies":[{"name":"wp","href":"https:\/\/api.w.org\/{rel}","templated":true}]}}