{"id":6272,"date":"2026-04-15T16:46:22","date_gmt":"2026-04-15T14:46:22","guid":{"rendered":"https:\/\/periodismo.umh.es\/?p=6272"},"modified":"2026-04-15T16:46:22","modified_gmt":"2026-04-15T14:46:22","slug":"practiques-en-a-punt-media-cacvsa-a-la-redaccio-dalacant-convocatoria-2026","status":"publish","type":"post","link":"https:\/\/periodismo.umh.es\/en\/2026\/04\/15\/practiques-en-a-punt-media-cacvsa-a-la-redaccio-dalacant-convocatoria-2026\/","title":{"rendered":"<span lang=\"es\">(Espa\u00f1ol) Pr\u00e0ctiques en \u00c0 Punt M\u00e8dia (CACVSA) a la redacci\u00f3 d\u2019Alacant: convocat\u00f2ria 2026<\/span>"},"content":{"rendered":"<p class=\"qtranxs-available-languages-message qtranxs-available-languages-message-en\">Sorry, this entry is only available in <a href=\"https:\/\/periodismo.umh.es\/es\/wp-json\/wp\/v2\/posts\/6272\" class=\"qtranxs-available-language-link qtranxs-available-language-link-es\" title=\"Espa\u00f1ol\">European Spanish<\/a>.<\/p>","protected":false},"excerpt":{"rendered":"<p>Sorry, this entry is only available in European Spanish.<\/p>\n","protected":false},"author":2641,"featured_media":0,"comment_status":"closed","ping_status":"open","sticky":false,"template":"","format":"standard","meta":{"ngg_post_thumbnail":0,"_links_to":"","_links_to_target":""},"categories":[14],"tags":[],"_links":{"self":[{"href":"https:\/\/periodismo.umh.es\/en\/wp-json\/wp\/v2\/posts\/6272"}],"collection":[{"href":"https:\/\/periodismo.umh.es\/en\/wp-json\/wp\/v2\/posts"}],"about":[{"href":"https:\/\/periodismo.umh.es\/en\/wp-json\/wp\/v2\/types\/post"}],"author":[{"embeddable":true,"href":"https:\/\/periodismo.umh.es\/en\/wp-json\/wp\/v2\/users\/2641"}],"replies":[{"embeddable":true,"href":"https:\/\/periodismo.umh.es\/en\/wp-json\/wp\/v2\/comments?post=6272"}],"version-history":[{"count":0,"href":"https:\/\/periodismo.umh.es\/en\/wp-json\/wp\/v2\/posts\/6272\/revisions"}],"wp:attachment":[{"href":"https:\/\/periodismo.umh.es\/en\/wp-json\/wp\/v2\/media?parent=6272"}],"wp:term":[{"taxonomy":"category","embeddable":true,"href":"https:\/\/periodismo.umh.es\/en\/wp-json\/wp\/v2\/categories?post=6272"},{"taxonomy":"post_tag","embeddable":true,"href":"https:\/\/periodismo.umh.es\/en\/wp-json\/wp\/v2\/tags?post=6272"}],"curies":[{"name":"wp","href":"https:\/\/api.w.org\/{rel}","templated":true}]}}