{"id":5927,"date":"2025-09-23T15:23:43","date_gmt":"2025-09-23T13:23:43","guid":{"rendered":"https:\/\/periodismo.umh.es\/?p=5927"},"modified":"2025-11-24T12:22:40","modified_gmt":"2025-11-24T11:22:40","slug":"el-periodista-jose-penin-comparte-en-orihuela-las-claves-de-su-guia-de-vinos-de-espana","status":"publish","type":"post","link":"https:\/\/periodismo.umh.es\/en\/2025\/09\/23\/el-periodista-jose-penin-comparte-en-orihuela-las-claves-de-su-guia-de-vinos-de-espana\/","title":{"rendered":"Journalist Jos\u00e9 Pe\u00f1\u00edn Shares the Keys to His Spanish Wine Guide in Orihuela"},"content":{"rendered":"<p><img src=\"https:\/\/periodismo.umh.es\/files\/2025\/09\/IMG-20250918-WA0000-1024x1024.jpg\"><\/p>\n<article class=\"text-token-text-primary w-full focus:outline-none [--shadow-height:45px] has-data-writing-block:pointer-events-none has-data-writing-block:-mt-(--shadow-height) has-data-writing-block:pt-(--shadow-height) [&amp;:has([data-writing-block])&gt;*]:pointer-events-auto [content-visibility:auto] supports-[content-visibility:auto]:[contain-intrinsic-size:auto_100lvh] scroll-mt-[calc(var(--header-height)+min(200px,max(70px,20svh)))]\" dir=\"auto\" data-turn-id=\"request-WEB:abb892bc-bf71-4b4d-ad44-2fcaad453dd0-42\" data-testid=\"conversation-turn-86\" data-scroll-anchor=\"true\" data-turn=\"assistant\">\n<div class=\"text-base my-auto mx-auto pb-10 [--thread-content-margin:--spacing(4)] thread-sm:[--thread-content-margin:--spacing(6)] thread-lg:[--thread-content-margin:--spacing(16)] px-(--thread-content-margin)\">\n<div class=\"[--thread-content-max-width:40rem] thread-lg:[--thread-content-max-width:48rem] mx-auto max-w-(--thread-content-max-width) flex-1 group\/turn-messages focus-visible:outline-hidden relative flex w-full min-w-0 flex-col agent-turn\">\n<div class=\"flex max-w-full flex-col grow\">\n<div class=\"min-h-8 text-message relative flex w-full flex-col items-end gap-2 text-start break-words whitespace-normal [.text-message+&amp;]:mt-1\" dir=\"auto\" data-message-author-role=\"assistant\" data-message-id=\"1ee50153-8299-4ca6-9a1b-b012166b1602\" data-message-model-slug=\"gpt-5-mini\">\n<div class=\"flex w-full flex-col gap-1 empty:hidden first:pt-[1px]\">\n<div class=\"markdown prose dark:prose-invert w-full break-words light markdown-new-styling\">\n<p data-start=\"85\" data-end=\"429\">Renowned journalist and <strong data-start=\"109\" data-end=\"135\">wine critic Jos\u00e9 Pe\u00f1\u00edn<\/strong>, one of the most recognized figures in the wine world, will visit <strong data-start=\"202\" data-end=\"234\">Universidad Miguel Hern\u00e1ndez<\/strong> on <strong data-start=\"238\" data-end=\"254\">25 September<\/strong>. He will give the talk <strong data-start=\"278\" data-end=\"336\">\u201cAdventures and Misadventures of a Spanish Wine Guide\u201d<\/strong> at <strong data-start=\"340\" data-end=\"353\">7:30 p.m.<\/strong> in the <strong data-start=\"361\" data-end=\"426\">Aula de Grados, Escuela Polit\u00e9cnica Superior, Orihuela campus<\/strong>.<\/p>\n<p data-start=\"431\" data-end=\"691\">Pe\u00f1\u00edn, a pioneering writer and communicator in the wine sector, will share his experience leading <strong data-start=\"529\" data-end=\"568\">Spain\u2019s most influential wine guide<\/strong>, offering students and the general public a unique perspective on <strong data-start=\"635\" data-end=\"688\">Spanish wine culture and its international impact<\/strong>.<\/p>\n<p data-start=\"693\" data-end=\"777\" data-is-last-node=\"\" data-is-only-node=\"\">This activity is part of the <strong data-start=\"722\" data-end=\"761\">Master\u2019s in Viticulture and Enology<\/strong> program at UMH.<\/p>\n<\/div>\n<\/div>\n<\/div>\n<\/div>\n<div class=\"z-0 flex min-h-[46px] justify-start\">&nbsp;<\/div>\n<div class=\"mt-3 w-full empty:hidden\">\n<div class=\"text-center\">&nbsp;<\/div>\n<\/div>\n<\/div>\n<\/div>\n<\/article>\n<p><\/p>\n<div class='bookmarkify'><a name='bookmarkify'><\/a><div class='linkbuttons'><a href='http:\/\/www.facebook.com\/share.php?u=https:\/\/periodismo.umh.es\/en\/2025\/09\/23\/el-periodista-jose-penin-comparte-en-orihuela-las-claves-de-su-guia-de-vinos-de-espana\/' title='Save to Facebook' onclick='target=\"_blank\";' rel='nofollow'><img src='https:\/\/periodismo.umh.es\/wp-content\/plugins\/bookmarkify\/facebook.png' style='width:16px; height:16px;' alt='[Facebook] ' \/><\/a> <a href='http:\/\/twitter.com\/home\/?status=Journalist Jos\u00e9 Pe\u00f1\u00edn Shares the Keys to His Spanish Wine Guide in Orihuela+https:\/\/periodismo.umh.es\/en\/2025\/09\/23\/el-periodista-jose-penin-comparte-en-orihuela-las-claves-de-su-guia-de-vinos-de-espana\/' title='Save to Twitter' onclick='target=\"_blank\";' rel='nofollow'><img src='https:\/\/periodismo.umh.es\/wp-content\/plugins\/bookmarkify\/twitter.png' style='width:16px; height:16px;' alt='[Twitter] ' \/><\/a> <\/div><\/div>","protected":false},"excerpt":{"rendered":"<p>Renowned journalist and wine critic Jos\u00e9 Pe\u00f1\u00edn, one of the most recognized figures in the wine world, will visit Universidad Miguel Hern\u00e1ndez on 25 September. He will give the talk \u201cAdventures and Misadventures of a Spanish Wine Guide\u201d at 7:30 p.m. in the Aula de Grados, Escuela Polit\u00e9cnica Superior, Orihuela campus.<br \/>\nPe\u00f1\u00edn, a pioneering writer and [&#8230;]<\/p>\n","protected":false},"author":2641,"featured_media":0,"comment_status":"closed","ping_status":"open","sticky":false,"template":"","format":"standard","meta":{"ngg_post_thumbnail":0,"_links_to":"","_links_to_target":""},"categories":[2229],"tags":[],"_links":{"self":[{"href":"https:\/\/periodismo.umh.es\/en\/wp-json\/wp\/v2\/posts\/5927"}],"collection":[{"href":"https:\/\/periodismo.umh.es\/en\/wp-json\/wp\/v2\/posts"}],"about":[{"href":"https:\/\/periodismo.umh.es\/en\/wp-json\/wp\/v2\/types\/post"}],"author":[{"embeddable":true,"href":"https:\/\/periodismo.umh.es\/en\/wp-json\/wp\/v2\/users\/2641"}],"replies":[{"embeddable":true,"href":"https:\/\/periodismo.umh.es\/en\/wp-json\/wp\/v2\/comments?post=5927"}],"version-history":[{"count":0,"href":"https:\/\/periodismo.umh.es\/en\/wp-json\/wp\/v2\/posts\/5927\/revisions"}],"wp:attachment":[{"href":"https:\/\/periodismo.umh.es\/en\/wp-json\/wp\/v2\/media?parent=5927"}],"wp:term":[{"taxonomy":"category","embeddable":true,"href":"https:\/\/periodismo.umh.es\/en\/wp-json\/wp\/v2\/categories?post=5927"},{"taxonomy":"post_tag","embeddable":true,"href":"https:\/\/periodismo.umh.es\/en\/wp-json\/wp\/v2\/tags?post=5927"}],"curies":[{"name":"wp","href":"https:\/\/api.w.org\/{rel}","templated":true}]}}