{"id":4782,"date":"2022-11-16T12:18:57","date_gmt":"2022-11-16T11:18:57","guid":{"rendered":"https:\/\/periodismo.umh.es\/?p=4782"},"modified":"2022-11-16T12:18:57","modified_gmt":"2022-11-16T11:18:57","slug":"la-asociacion-de-informadores-de-elche-aie-pone-en-marcha-un-curso-sobre-alfabetizacion-mediatica-y-noticias-falsas-dirigido-al-profesorado","status":"publish","type":"post","link":"https:\/\/periodismo.umh.es\/en\/2022\/11\/16\/la-asociacion-de-informadores-de-elche-aie-pone-en-marcha-un-curso-sobre-alfabetizacion-mediatica-y-noticias-falsas-dirigido-al-profesorado\/","title":{"rendered":"<span lang=\"es\">(Espa\u00f1ol) La Asociaci\u00f3n de Informadores de Elche (AIE) pone en marcha un curso sobre alfabetizaci\u00f3n medi\u00e1tica y noticias falsas dirigido al profesorado<\/span>"},"content":{"rendered":"<p class=\"qtranxs-available-languages-message qtranxs-available-languages-message-en\">Sorry, this entry is only available in <a href=\"https:\/\/periodismo.umh.es\/es\/wp-json\/wp\/v2\/posts\/4782\" class=\"qtranxs-available-language-link qtranxs-available-language-link-es\" title=\"Espa\u00f1ol\">European Spanish<\/a>.<\/p>","protected":false},"excerpt":{"rendered":"<p>Sorry, this entry is only available in European Spanish.<\/p>\n","protected":false},"author":1724,"featured_media":0,"comment_status":"closed","ping_status":"open","sticky":false,"template":"","format":"standard","meta":{"ngg_post_thumbnail":0,"_links_to":"","_links_to_target":""},"categories":[6,766],"tags":[],"_links":{"self":[{"href":"https:\/\/periodismo.umh.es\/en\/wp-json\/wp\/v2\/posts\/4782"}],"collection":[{"href":"https:\/\/periodismo.umh.es\/en\/wp-json\/wp\/v2\/posts"}],"about":[{"href":"https:\/\/periodismo.umh.es\/en\/wp-json\/wp\/v2\/types\/post"}],"author":[{"embeddable":true,"href":"https:\/\/periodismo.umh.es\/en\/wp-json\/wp\/v2\/users\/1724"}],"replies":[{"embeddable":true,"href":"https:\/\/periodismo.umh.es\/en\/wp-json\/wp\/v2\/comments?post=4782"}],"version-history":[{"count":0,"href":"https:\/\/periodismo.umh.es\/en\/wp-json\/wp\/v2\/posts\/4782\/revisions"}],"wp:attachment":[{"href":"https:\/\/periodismo.umh.es\/en\/wp-json\/wp\/v2\/media?parent=4782"}],"wp:term":[{"taxonomy":"category","embeddable":true,"href":"https:\/\/periodismo.umh.es\/en\/wp-json\/wp\/v2\/categories?post=4782"},{"taxonomy":"post_tag","embeddable":true,"href":"https:\/\/periodismo.umh.es\/en\/wp-json\/wp\/v2\/tags?post=4782"}],"curies":[{"name":"wp","href":"https:\/\/api.w.org\/{rel}","templated":true}]}}