{"id":4639,"date":"2022-10-05T22:11:07","date_gmt":"2022-10-05T20:11:07","guid":{"rendered":"https:\/\/periodismo.umh.es\/?p=4639"},"modified":"2022-10-06T22:03:55","modified_gmt":"2022-10-06T20:03:55","slug":"abierta-la-matriculacion-para-el-nanomaster-de-comunicacion-y-marketing-digital-360o-de-la-umh","status":"publish","type":"post","link":"https:\/\/periodismo.umh.es\/en\/2022\/10\/05\/abierta-la-matriculacion-para-el-nanomaster-de-comunicacion-y-marketing-digital-360o-de-la-umh\/","title":{"rendered":"<span lang=\"es\">(Espa\u00f1ol) Abierta la matriculaci\u00f3n para el nanom\u00e1ster de Comunicaci\u00f3n y Marketing Digital 360\u00ba de la UMH<\/span>"},"content":{"rendered":"<p class=\"qtranxs-available-languages-message qtranxs-available-languages-message-en\">Sorry, this entry is only available in <a href=\"https:\/\/periodismo.umh.es\/es\/wp-json\/wp\/v2\/posts\/4639\" class=\"qtranxs-available-language-link qtranxs-available-language-link-es\" title=\"Espa\u00f1ol\">European Spanish<\/a>.<\/p>","protected":false},"excerpt":{"rendered":"<p>Sorry, this entry is only available in European Spanish.<\/p>\n","protected":false},"author":2641,"featured_media":0,"comment_status":"closed","ping_status":"open","sticky":false,"template":"","format":"standard","meta":{"ngg_post_thumbnail":0,"_links_to":"","_links_to_target":""},"categories":[1],"tags":[],"_links":{"self":[{"href":"https:\/\/periodismo.umh.es\/en\/wp-json\/wp\/v2\/posts\/4639"}],"collection":[{"href":"https:\/\/periodismo.umh.es\/en\/wp-json\/wp\/v2\/posts"}],"about":[{"href":"https:\/\/periodismo.umh.es\/en\/wp-json\/wp\/v2\/types\/post"}],"author":[{"embeddable":true,"href":"https:\/\/periodismo.umh.es\/en\/wp-json\/wp\/v2\/users\/2641"}],"replies":[{"embeddable":true,"href":"https:\/\/periodismo.umh.es\/en\/wp-json\/wp\/v2\/comments?post=4639"}],"version-history":[{"count":0,"href":"https:\/\/periodismo.umh.es\/en\/wp-json\/wp\/v2\/posts\/4639\/revisions"}],"wp:attachment":[{"href":"https:\/\/periodismo.umh.es\/en\/wp-json\/wp\/v2\/media?parent=4639"}],"wp:term":[{"taxonomy":"category","embeddable":true,"href":"https:\/\/periodismo.umh.es\/en\/wp-json\/wp\/v2\/categories?post=4639"},{"taxonomy":"post_tag","embeddable":true,"href":"https:\/\/periodismo.umh.es\/en\/wp-json\/wp\/v2\/tags?post=4639"}],"curies":[{"name":"wp","href":"https:\/\/api.w.org\/{rel}","templated":true}]}}