{"id":3946,"date":"2021-10-11T11:16:48","date_gmt":"2021-10-11T09:16:48","guid":{"rendered":"https:\/\/periodismo.umh.es\/?p=3946"},"modified":"2021-10-11T11:17:25","modified_gmt":"2021-10-11T09:17:25","slug":"presentacion-atencion-al-estudiante-jornada-de-bienvenida","status":"publish","type":"post","link":"https:\/\/periodismo.umh.es\/en\/2021\/10\/11\/presentacion-atencion-al-estudiante-jornada-de-bienvenida\/","title":{"rendered":"<span lang=\"es\">(Espa\u00f1ol) PRESENTACI\u00d3N ATENCI\u00d3N AL ESTUDIANTE JORNADA DE BIENVENIDA<\/span>"},"content":{"rendered":"<p><a href=\"https:\/\/periodismo.umh.es\/files\/2021\/10\/Captura-de-pantalla-2021-10-11-a-las-10.58.29-copia.jpg\"><img loading=\"lazy\" src=\"https:\/\/periodismo.umh.es\/files\/2021\/10\/Captura-de-pantalla-2021-10-11-a-las-10.58.29-copia-300x146.jpg\" alt=\"\" width=\"300\" height=\"146\" class=\"alignnone size-medium wp-image-3949\" srcset=\"https:\/\/periodismo.umh.es\/files\/2021\/10\/Captura-de-pantalla-2021-10-11-a-las-10.58.29-copia-300x146.jpg 300w, https:\/\/periodismo.umh.es\/files\/2021\/10\/Captura-de-pantalla-2021-10-11-a-las-10.58.29-copia-768x374.jpg 768w, https:\/\/periodismo.umh.es\/files\/2021\/10\/Captura-de-pantalla-2021-10-11-a-las-10.58.29-copia-1024x499.jpg 1024w, https:\/\/periodismo.umh.es\/files\/2021\/10\/Captura-de-pantalla-2021-10-11-a-las-10.58.29-copia.jpg 1900w\" sizes=\"(max-width: 300px) 100vw, 300px\" \/><\/a><\/p>\n<div class='bookmarkify'><a name='bookmarkify'><\/a><div class='linkbuttons'><a href='http:\/\/www.facebook.com\/share.php?u=https:\/\/periodismo.umh.es\/en\/2021\/10\/11\/presentacion-atencion-al-estudiante-jornada-de-bienvenida\/' title='Save to Facebook' onclick='target=\"_blank\";' rel='nofollow'><img src='https:\/\/periodismo.umh.es\/wp-content\/plugins\/bookmarkify\/facebook.png' style='width:16px; height:16px;' alt='[Facebook] ' \/><\/a> <a href='http:\/\/twitter.com\/home\/?status=<span lang=\"es\">(Espa\u00f1ol) PRESENTACI\u00d3N ATENCI\u00d3N AL ESTUDIANTE JORNADA DE BIENVENIDA<\/span>+https:\/\/periodismo.umh.es\/en\/2021\/10\/11\/presentacion-atencion-al-estudiante-jornada-de-bienvenida\/' title='Save to Twitter' onclick='target=\"_blank\";' rel='nofollow'><img src='https:\/\/periodismo.umh.es\/wp-content\/plugins\/bookmarkify\/twitter.png' style='width:16px; height:16px;' alt='[Twitter] ' \/><\/a> <\/div><\/div>","protected":false},"excerpt":{"rendered":"","protected":false},"author":2745,"featured_media":0,"comment_status":"closed","ping_status":"open","sticky":false,"template":"","format":"standard","meta":{"ngg_post_thumbnail":0,"_links_to":"","_links_to_target":""},"categories":[2229,367216,65],"tags":[413,367272],"_links":{"self":[{"href":"https:\/\/periodismo.umh.es\/en\/wp-json\/wp\/v2\/posts\/3946"}],"collection":[{"href":"https:\/\/periodismo.umh.es\/en\/wp-json\/wp\/v2\/posts"}],"about":[{"href":"https:\/\/periodismo.umh.es\/en\/wp-json\/wp\/v2\/types\/post"}],"author":[{"embeddable":true,"href":"https:\/\/periodismo.umh.es\/en\/wp-json\/wp\/v2\/users\/2745"}],"replies":[{"embeddable":true,"href":"https:\/\/periodismo.umh.es\/en\/wp-json\/wp\/v2\/comments?post=3946"}],"version-history":[{"count":0,"href":"https:\/\/periodismo.umh.es\/en\/wp-json\/wp\/v2\/posts\/3946\/revisions"}],"wp:attachment":[{"href":"https:\/\/periodismo.umh.es\/en\/wp-json\/wp\/v2\/media?parent=3946"}],"wp:term":[{"taxonomy":"category","embeddable":true,"href":"https:\/\/periodismo.umh.es\/en\/wp-json\/wp\/v2\/categories?post=3946"},{"taxonomy":"post_tag","embeddable":true,"href":"https:\/\/periodismo.umh.es\/en\/wp-json\/wp\/v2\/tags?post=3946"}],"curies":[{"name":"wp","href":"https:\/\/api.w.org\/{rel}","templated":true}]}}