{"id":3528,"date":"2020-12-17T05:29:49","date_gmt":"2020-12-17T04:29:49","guid":{"rendered":"https:\/\/periodismo.umh.es\/?p=3528"},"modified":"2020-12-17T05:29:49","modified_gmt":"2020-12-17T04:29:49","slug":"seminario-online-para-reflexionar-sobre-migracion-y-periodismo-en-conmemoracion-del-dia-internacional-de-las-personas-migrantes","status":"publish","type":"post","link":"https:\/\/periodismo.umh.es\/en\/2020\/12\/17\/seminario-online-para-reflexionar-sobre-migracion-y-periodismo-en-conmemoracion-del-dia-internacional-de-las-personas-migrantes\/","title":{"rendered":"<span lang=\"es\">(Espa\u00f1ol) Seminario online para reflexionar sobre Migraci\u00f3n y Periodismo en conmemoraci\u00f3n del D\u00eda Internacional de las Personas Migrantes<\/span>"},"content":{"rendered":"<p class=\"qtranxs-available-languages-message qtranxs-available-languages-message-en\">Sorry, this entry is only available in <a href=\"https:\/\/periodismo.umh.es\/es\/wp-json\/wp\/v2\/posts\/3528\" class=\"qtranxs-available-language-link qtranxs-available-language-link-es\" title=\"Espa\u00f1ol\">European Spanish<\/a>.<\/p>","protected":false},"excerpt":{"rendered":"<p>Sorry, this entry is only available in European Spanish.<\/p>\n","protected":false},"author":1724,"featured_media":0,"comment_status":"closed","ping_status":"open","sticky":false,"template":"","format":"standard","meta":{"ngg_post_thumbnail":0,"_links_to":"","_links_to_target":""},"categories":[65,992],"tags":[],"_links":{"self":[{"href":"https:\/\/periodismo.umh.es\/en\/wp-json\/wp\/v2\/posts\/3528"}],"collection":[{"href":"https:\/\/periodismo.umh.es\/en\/wp-json\/wp\/v2\/posts"}],"about":[{"href":"https:\/\/periodismo.umh.es\/en\/wp-json\/wp\/v2\/types\/post"}],"author":[{"embeddable":true,"href":"https:\/\/periodismo.umh.es\/en\/wp-json\/wp\/v2\/users\/1724"}],"replies":[{"embeddable":true,"href":"https:\/\/periodismo.umh.es\/en\/wp-json\/wp\/v2\/comments?post=3528"}],"version-history":[{"count":0,"href":"https:\/\/periodismo.umh.es\/en\/wp-json\/wp\/v2\/posts\/3528\/revisions"}],"wp:attachment":[{"href":"https:\/\/periodismo.umh.es\/en\/wp-json\/wp\/v2\/media?parent=3528"}],"wp:term":[{"taxonomy":"category","embeddable":true,"href":"https:\/\/periodismo.umh.es\/en\/wp-json\/wp\/v2\/categories?post=3528"},{"taxonomy":"post_tag","embeddable":true,"href":"https:\/\/periodismo.umh.es\/en\/wp-json\/wp\/v2\/tags?post=3528"}],"curies":[{"name":"wp","href":"https:\/\/api.w.org\/{rel}","templated":true}]}}