{"id":2462,"date":"2018-11-13T11:22:16","date_gmt":"2018-11-13T10:22:16","guid":{"rendered":"http:\/\/periodismo.umh.es\/?p=2462"},"modified":"2018-11-13T11:22:16","modified_gmt":"2018-11-13T10:22:16","slug":"abierto-de-nuevo-el-plazo-de-inscripcion-para-el-casting-permanente-de-actores-del-grado-en-comunicacion-audiovisual","status":"publish","type":"post","link":"https:\/\/periodismo.umh.es\/en\/2018\/11\/13\/abierto-de-nuevo-el-plazo-de-inscripcion-para-el-casting-permanente-de-actores-del-grado-en-comunicacion-audiovisual\/","title":{"rendered":"<span lang=\"es\">(Espa\u00f1ol) Abierto de nuevo el plazo de inscripci\u00f3n para el casting permanente de actores del Grado en Comunicaci\u00f3n Audiovisual<\/span>"},"content":{"rendered":"<p class=\"qtranxs-available-languages-message qtranxs-available-languages-message-en\">Sorry, this entry is only available in <a href=\"https:\/\/periodismo.umh.es\/es\/wp-json\/wp\/v2\/posts\/2462\" class=\"qtranxs-available-language-link qtranxs-available-language-link-es\" title=\"Espa\u00f1ol\">European Spanish<\/a>.<\/p>","protected":false},"excerpt":{"rendered":"<p>Sorry, this entry is only available in European Spanish.<\/p>\n","protected":false},"author":171,"featured_media":0,"comment_status":"closed","ping_status":"open","sticky":false,"template":"","format":"standard","meta":{"ngg_post_thumbnail":0,"_links_to":"","_links_to_target":""},"categories":[2229],"tags":[57644,57641,57647],"_links":{"self":[{"href":"https:\/\/periodismo.umh.es\/en\/wp-json\/wp\/v2\/posts\/2462"}],"collection":[{"href":"https:\/\/periodismo.umh.es\/en\/wp-json\/wp\/v2\/posts"}],"about":[{"href":"https:\/\/periodismo.umh.es\/en\/wp-json\/wp\/v2\/types\/post"}],"author":[{"embeddable":true,"href":"https:\/\/periodismo.umh.es\/en\/wp-json\/wp\/v2\/users\/171"}],"replies":[{"embeddable":true,"href":"https:\/\/periodismo.umh.es\/en\/wp-json\/wp\/v2\/comments?post=2462"}],"version-history":[{"count":0,"href":"https:\/\/periodismo.umh.es\/en\/wp-json\/wp\/v2\/posts\/2462\/revisions"}],"wp:attachment":[{"href":"https:\/\/periodismo.umh.es\/en\/wp-json\/wp\/v2\/media?parent=2462"}],"wp:term":[{"taxonomy":"category","embeddable":true,"href":"https:\/\/periodismo.umh.es\/en\/wp-json\/wp\/v2\/categories?post=2462"},{"taxonomy":"post_tag","embeddable":true,"href":"https:\/\/periodismo.umh.es\/en\/wp-json\/wp\/v2\/tags?post=2462"}],"curies":[{"name":"wp","href":"https:\/\/api.w.org\/{rel}","templated":true}]}}