{"id":1395,"date":"2015-11-30T19:30:58","date_gmt":"2015-11-30T18:30:58","guid":{"rendered":"http:\/\/periodismo.umh.es\/?p=1395"},"modified":"2015-11-30T19:30:58","modified_gmt":"2015-11-30T18:30:58","slug":"el-profesor-de-periodismo-umh-jose-luis-gonzalez-interviene-en-un-foro-sobre-emprendimiento-e-innovacion-en-panama","status":"publish","type":"post","link":"https:\/\/periodismo.umh.es\/en\/2015\/11\/30\/el-profesor-de-periodismo-umh-jose-luis-gonzalez-interviene-en-un-foro-sobre-emprendimiento-e-innovacion-en-panama\/","title":{"rendered":"<span lang=\"es\">(Espa\u00f1ol) El profesor de Periodismo UMH Jos\u00e9 Luis Gonz\u00e1lez interviene en un foro sobre emprendimiento e innovaci\u00f3n en Panam\u00e1<\/span>"},"content":{"rendered":"<p class=\"qtranxs-available-languages-message qtranxs-available-languages-message-en\">Sorry, this entry is only available in <a href=\"https:\/\/periodismo.umh.es\/es\/wp-json\/wp\/v2\/posts\/1395\" class=\"qtranxs-available-language-link qtranxs-available-language-link-es\" title=\"Espa\u00f1ol\">European Spanish<\/a>.<\/p>","protected":false},"excerpt":{"rendered":"<p>Sorry, this entry is only available in European Spanish.<\/p>\n","protected":false},"author":3352,"featured_media":0,"comment_status":"closed","ping_status":"open","sticky":false,"template":"","format":"standard","meta":{"ngg_post_thumbnail":0,"_links_to":"","_links_to_target":""},"categories":[260,2329],"tags":[1692,53101,3536,4348,47742,1399],"_links":{"self":[{"href":"https:\/\/periodismo.umh.es\/en\/wp-json\/wp\/v2\/posts\/1395"}],"collection":[{"href":"https:\/\/periodismo.umh.es\/en\/wp-json\/wp\/v2\/posts"}],"about":[{"href":"https:\/\/periodismo.umh.es\/en\/wp-json\/wp\/v2\/types\/post"}],"author":[{"embeddable":true,"href":"https:\/\/periodismo.umh.es\/en\/wp-json\/wp\/v2\/users\/3352"}],"replies":[{"embeddable":true,"href":"https:\/\/periodismo.umh.es\/en\/wp-json\/wp\/v2\/comments?post=1395"}],"version-history":[{"count":0,"href":"https:\/\/periodismo.umh.es\/en\/wp-json\/wp\/v2\/posts\/1395\/revisions"}],"wp:attachment":[{"href":"https:\/\/periodismo.umh.es\/en\/wp-json\/wp\/v2\/media?parent=1395"}],"wp:term":[{"taxonomy":"category","embeddable":true,"href":"https:\/\/periodismo.umh.es\/en\/wp-json\/wp\/v2\/categories?post=1395"},{"taxonomy":"post_tag","embeddable":true,"href":"https:\/\/periodismo.umh.es\/en\/wp-json\/wp\/v2\/tags?post=1395"}],"curies":[{"name":"wp","href":"https:\/\/api.w.org\/{rel}","templated":true}]}}