{"id":1309,"date":"2015-05-21T20:32:23","date_gmt":"2015-05-21T18:32:23","guid":{"rendered":"http:\/\/periodismo.umh.es\/?p=1309"},"modified":"2015-05-21T20:32:23","modified_gmt":"2015-05-21T18:32:23","slug":"la-catedra-miguel-hernandez-convoca-el-premio-novel-internacional-de-poesia-universitaria","status":"publish","type":"post","link":"https:\/\/periodismo.umh.es\/en\/2015\/05\/21\/la-catedra-miguel-hernandez-convoca-el-premio-novel-internacional-de-poesia-universitaria\/","title":{"rendered":"<span lang=\"es\">(Espa\u00f1ol) LA C\u00c1TEDRA MIGUEL HERN\u00c1NDEZ CONVOCA EL PREMIO NOVEL INTERNACIONAL DE POES\u00cdA UNIVERSITARIA<\/span>"},"content":{"rendered":"<p class=\"qtranxs-available-languages-message qtranxs-available-languages-message-en\">Sorry, this entry is only available in <a href=\"https:\/\/periodismo.umh.es\/es\/wp-json\/wp\/v2\/posts\/1309\" class=\"qtranxs-available-language-link qtranxs-available-language-link-es\" title=\"Espa\u00f1ol\">European Spanish<\/a>.<\/p>","protected":false},"excerpt":{"rendered":"<p>Sorry, this entry is only available in European Spanish.<\/p>\n","protected":false},"author":3060,"featured_media":0,"comment_status":"closed","ping_status":"open","sticky":false,"template":"","format":"standard","meta":{"ngg_post_thumbnail":0,"_links_to":"","_links_to_target":""},"categories":[512],"tags":[],"_links":{"self":[{"href":"https:\/\/periodismo.umh.es\/en\/wp-json\/wp\/v2\/posts\/1309"}],"collection":[{"href":"https:\/\/periodismo.umh.es\/en\/wp-json\/wp\/v2\/posts"}],"about":[{"href":"https:\/\/periodismo.umh.es\/en\/wp-json\/wp\/v2\/types\/post"}],"author":[{"embeddable":true,"href":"https:\/\/periodismo.umh.es\/en\/wp-json\/wp\/v2\/users\/3060"}],"replies":[{"embeddable":true,"href":"https:\/\/periodismo.umh.es\/en\/wp-json\/wp\/v2\/comments?post=1309"}],"version-history":[{"count":0,"href":"https:\/\/periodismo.umh.es\/en\/wp-json\/wp\/v2\/posts\/1309\/revisions"}],"wp:attachment":[{"href":"https:\/\/periodismo.umh.es\/en\/wp-json\/wp\/v2\/media?parent=1309"}],"wp:term":[{"taxonomy":"category","embeddable":true,"href":"https:\/\/periodismo.umh.es\/en\/wp-json\/wp\/v2\/categories?post=1309"},{"taxonomy":"post_tag","embeddable":true,"href":"https:\/\/periodismo.umh.es\/en\/wp-json\/wp\/v2\/tags?post=1309"}],"curies":[{"name":"wp","href":"https:\/\/api.w.org\/{rel}","templated":true}]}}