{"id":1243,"date":"2015-03-17T21:52:53","date_gmt":"2015-03-17T20:52:53","guid":{"rendered":"http:\/\/periodismo.umh.es\/?p=1243"},"modified":"2015-03-18T16:51:33","modified_gmt":"2015-03-18T15:51:33","slug":"x-jornadas-internacionales-ponentes-eduardo-suarez-fundador-de-el-espanol-y-no-hace-falta-papel","status":"publish","type":"post","link":"https:\/\/periodismo.umh.es\/en\/2015\/03\/17\/x-jornadas-internacionales-ponentes-eduardo-suarez-fundador-de-el-espanol-y-no-hace-falta-papel\/","title":{"rendered":"<span lang=\"es\">(Espa\u00f1ol) X Jornadas Internacionales (ponentes): EDUARDO SU\u00c1REZ, FUNDADOR DE &#8216;EL ESPA\u00d1OL&#8217; Y &#8216;NO HACE FALTA PAPEL&#8217;<\/span>"},"content":{"rendered":"<p class=\"qtranxs-available-languages-message qtranxs-available-languages-message-en\">Sorry, this entry is only available in <a href=\"https:\/\/periodismo.umh.es\/es\/wp-json\/wp\/v2\/posts\/1243\" class=\"qtranxs-available-language-link qtranxs-available-language-link-es\" title=\"Espa\u00f1ol\">European Spanish<\/a>.<\/p>","protected":false},"excerpt":{"rendered":"<p>Sorry, this entry is only available in European Spanish.<\/p>\n","protected":false},"author":3060,"featured_media":0,"comment_status":"closed","ping_status":"open","sticky":false,"template":"","format":"standard","meta":{"ngg_post_thumbnail":0,"_links_to":"","_links_to_target":""},"categories":[988,36911],"tags":[],"_links":{"self":[{"href":"https:\/\/periodismo.umh.es\/en\/wp-json\/wp\/v2\/posts\/1243"}],"collection":[{"href":"https:\/\/periodismo.umh.es\/en\/wp-json\/wp\/v2\/posts"}],"about":[{"href":"https:\/\/periodismo.umh.es\/en\/wp-json\/wp\/v2\/types\/post"}],"author":[{"embeddable":true,"href":"https:\/\/periodismo.umh.es\/en\/wp-json\/wp\/v2\/users\/3060"}],"replies":[{"embeddable":true,"href":"https:\/\/periodismo.umh.es\/en\/wp-json\/wp\/v2\/comments?post=1243"}],"version-history":[{"count":0,"href":"https:\/\/periodismo.umh.es\/en\/wp-json\/wp\/v2\/posts\/1243\/revisions"}],"wp:attachment":[{"href":"https:\/\/periodismo.umh.es\/en\/wp-json\/wp\/v2\/media?parent=1243"}],"wp:term":[{"taxonomy":"category","embeddable":true,"href":"https:\/\/periodismo.umh.es\/en\/wp-json\/wp\/v2\/categories?post=1243"},{"taxonomy":"post_tag","embeddable":true,"href":"https:\/\/periodismo.umh.es\/en\/wp-json\/wp\/v2\/tags?post=1243"}],"curies":[{"name":"wp","href":"https:\/\/api.w.org\/{rel}","templated":true}]}}