{"id":1190,"date":"2014-12-23T21:50:46","date_gmt":"2014-12-23T20:50:46","guid":{"rendered":"http:\/\/periodismo.umh.es\/?p=1190"},"modified":"2014-12-23T21:50:51","modified_gmt":"2014-12-23T20:50:51","slug":"el-profesor-jose-luis-gonzalez-asiste-a-un-encuentro-con-la-red-de-periodistas-en-ciudad-juarez","status":"publish","type":"post","link":"https:\/\/periodismo.umh.es\/en\/2014\/12\/23\/el-profesor-jose-luis-gonzalez-asiste-a-un-encuentro-con-la-red-de-periodistas-en-ciudad-juarez\/","title":{"rendered":"<span lang=\"es\">(Espa\u00f1ol) ENCUENTRO DEL PROFESOR JOS\u00c9 LUIS GONZ\u00c1LEZ CON LA RED DE PERIODISTAS EN CIUDAD JU\u00c1REZ<\/span>"},"content":{"rendered":"<p class=\"qtranxs-available-languages-message qtranxs-available-languages-message-en\">Sorry, this entry is only available in <a href=\"https:\/\/periodismo.umh.es\/es\/wp-json\/wp\/v2\/posts\/1190\" class=\"qtranxs-available-language-link qtranxs-available-language-link-es\" title=\"Espa\u00f1ol\">European Spanish<\/a>.<\/p>","protected":false},"excerpt":{"rendered":"<p>Sorry, this entry is only available in European Spanish.<\/p>\n","protected":false},"author":3060,"featured_media":0,"comment_status":"closed","ping_status":"open","sticky":false,"template":"","format":"standard","meta":{"ngg_post_thumbnail":0,"_links_to":"","_links_to_target":""},"categories":[2329],"tags":[36193,635,4348,53090,36192],"_links":{"self":[{"href":"https:\/\/periodismo.umh.es\/en\/wp-json\/wp\/v2\/posts\/1190"}],"collection":[{"href":"https:\/\/periodismo.umh.es\/en\/wp-json\/wp\/v2\/posts"}],"about":[{"href":"https:\/\/periodismo.umh.es\/en\/wp-json\/wp\/v2\/types\/post"}],"author":[{"embeddable":true,"href":"https:\/\/periodismo.umh.es\/en\/wp-json\/wp\/v2\/users\/3060"}],"replies":[{"embeddable":true,"href":"https:\/\/periodismo.umh.es\/en\/wp-json\/wp\/v2\/comments?post=1190"}],"version-history":[{"count":0,"href":"https:\/\/periodismo.umh.es\/en\/wp-json\/wp\/v2\/posts\/1190\/revisions"}],"wp:attachment":[{"href":"https:\/\/periodismo.umh.es\/en\/wp-json\/wp\/v2\/media?parent=1190"}],"wp:term":[{"taxonomy":"category","embeddable":true,"href":"https:\/\/periodismo.umh.es\/en\/wp-json\/wp\/v2\/categories?post=1190"},{"taxonomy":"post_tag","embeddable":true,"href":"https:\/\/periodismo.umh.es\/en\/wp-json\/wp\/v2\/tags?post=1190"}],"curies":[{"name":"wp","href":"https:\/\/api.w.org\/{rel}","templated":true}]}}