{"id":1178,"date":"2014-12-04T15:53:38","date_gmt":"2014-12-04T14:53:38","guid":{"rendered":"http:\/\/periodismo.umh.es\/?p=1178"},"modified":"2014-12-04T15:58:58","modified_gmt":"2014-12-04T14:58:58","slug":"civio-el-confidencial-vis-a-vis-eldiario-es-y-acuerdo-las-cinco-iniciativas-periodisticas-mas-innovadoras-en-espana","status":"publish","type":"post","link":"https:\/\/periodismo.umh.es\/en\/2014\/12\/04\/civio-el-confidencial-vis-a-vis-eldiario-es-y-acuerdo-las-cinco-iniciativas-periodisticas-mas-innovadoras-en-espana\/","title":{"rendered":"<span lang=\"es\">(Espa\u00f1ol) LA FUNDACI\u00d3N CIVIO, EL CONFIDENCIAL, VIS-\u00c0-VIS, ELDIARIO.ES Y ACUERDO ENCABEZAN EL RANKING DE INNOVACI\u00d3N PERIOD\u00cdSTICA EN ESPA\u00d1A<\/span>"},"content":{"rendered":"<p class=\"qtranxs-available-languages-message qtranxs-available-languages-message-en\">Sorry, this entry is only available in <a href=\"https:\/\/periodismo.umh.es\/es\/wp-json\/wp\/v2\/posts\/1178\" class=\"qtranxs-available-language-link qtranxs-available-language-link-es\" title=\"Espa\u00f1ol\">European Spanish<\/a>.<\/p>","protected":false},"excerpt":{"rendered":"<p>Sorry, this entry is only available in European Spanish.<\/p>\n","protected":false},"author":3060,"featured_media":0,"comment_status":"closed","ping_status":"open","sticky":false,"template":"","format":"standard","meta":{"ngg_post_thumbnail":0,"_links_to":"","_links_to_target":""},"categories":[4820],"tags":[8384,31436,31437,4401,2119,184,222,3998,53090,31434,9313],"_links":{"self":[{"href":"https:\/\/periodismo.umh.es\/en\/wp-json\/wp\/v2\/posts\/1178"}],"collection":[{"href":"https:\/\/periodismo.umh.es\/en\/wp-json\/wp\/v2\/posts"}],"about":[{"href":"https:\/\/periodismo.umh.es\/en\/wp-json\/wp\/v2\/types\/post"}],"author":[{"embeddable":true,"href":"https:\/\/periodismo.umh.es\/en\/wp-json\/wp\/v2\/users\/3060"}],"replies":[{"embeddable":true,"href":"https:\/\/periodismo.umh.es\/en\/wp-json\/wp\/v2\/comments?post=1178"}],"version-history":[{"count":0,"href":"https:\/\/periodismo.umh.es\/en\/wp-json\/wp\/v2\/posts\/1178\/revisions"}],"wp:attachment":[{"href":"https:\/\/periodismo.umh.es\/en\/wp-json\/wp\/v2\/media?parent=1178"}],"wp:term":[{"taxonomy":"category","embeddable":true,"href":"https:\/\/periodismo.umh.es\/en\/wp-json\/wp\/v2\/categories?post=1178"},{"taxonomy":"post_tag","embeddable":true,"href":"https:\/\/periodismo.umh.es\/en\/wp-json\/wp\/v2\/tags?post=1178"}],"curies":[{"name":"wp","href":"https:\/\/api.w.org\/{rel}","templated":true}]}}