{"id":1136,"date":"2014-11-10T18:37:11","date_gmt":"2014-11-10T17:37:11","guid":{"rendered":"http:\/\/periodismo.umh.es\/?p=1136"},"modified":"2014-11-13T16:58:58","modified_gmt":"2014-11-13T15:58:58","slug":"periodismo-umh-acoge-el-seminario-comunicar-podemos-politica-medios-y-ciudadania","status":"publish","type":"post","link":"https:\/\/periodismo.umh.es\/en\/2014\/11\/10\/periodismo-umh-acoge-el-seminario-comunicar-podemos-politica-medios-y-ciudadania\/","title":{"rendered":"<span lang=\"es\">(Espa\u00f1ol) PERIODISMO UMH ACOGE EL SEMINARIO &#8216;COMUNICAR PODEMOS: POL\u00cdTICA, MEDIOS Y CIUDADAN\u00cdA&#8217;<\/span>"},"content":{"rendered":"<p class=\"qtranxs-available-languages-message qtranxs-available-languages-message-en\">Sorry, this entry is only available in <a href=\"https:\/\/periodismo.umh.es\/es\/wp-json\/wp\/v2\/posts\/1136\" class=\"qtranxs-available-language-link qtranxs-available-language-link-es\" title=\"Espa\u00f1ol\">European Spanish<\/a>.<\/p>","protected":false},"excerpt":{"rendered":"<p>Sorry, this entry is only available in European Spanish.<\/p>\n","protected":false},"author":3060,"featured_media":0,"comment_status":"closed","ping_status":"open","sticky":false,"template":"","format":"standard","meta":{"ngg_post_thumbnail":0,"_links_to":"","_links_to_target":""},"categories":[2229,988],"tags":[3967,30363,30362,78],"_links":{"self":[{"href":"https:\/\/periodismo.umh.es\/en\/wp-json\/wp\/v2\/posts\/1136"}],"collection":[{"href":"https:\/\/periodismo.umh.es\/en\/wp-json\/wp\/v2\/posts"}],"about":[{"href":"https:\/\/periodismo.umh.es\/en\/wp-json\/wp\/v2\/types\/post"}],"author":[{"embeddable":true,"href":"https:\/\/periodismo.umh.es\/en\/wp-json\/wp\/v2\/users\/3060"}],"replies":[{"embeddable":true,"href":"https:\/\/periodismo.umh.es\/en\/wp-json\/wp\/v2\/comments?post=1136"}],"version-history":[{"count":0,"href":"https:\/\/periodismo.umh.es\/en\/wp-json\/wp\/v2\/posts\/1136\/revisions"}],"wp:attachment":[{"href":"https:\/\/periodismo.umh.es\/en\/wp-json\/wp\/v2\/media?parent=1136"}],"wp:term":[{"taxonomy":"category","embeddable":true,"href":"https:\/\/periodismo.umh.es\/en\/wp-json\/wp\/v2\/categories?post=1136"},{"taxonomy":"post_tag","embeddable":true,"href":"https:\/\/periodismo.umh.es\/en\/wp-json\/wp\/v2\/tags?post=1136"}],"curies":[{"name":"wp","href":"https:\/\/api.w.org\/{rel}","templated":true}]}}