{"id":852,"date":"2014-05-07T01:01:25","date_gmt":"2014-05-06T23:01:25","guid":{"rendered":"http:\/\/periodismo.umh.es\/?p=852"},"modified":"2014-05-07T01:10:04","modified_gmt":"2014-05-06T23:10:04","slug":"pere-rusinol-es-muy-dificil-hacer-periodismo-cuando-la-propiedad-de-los-medios-ha-pasado-a-los-bancos","status":"publish","type":"post","link":"https:\/\/periodismo.umh.es\/ca\/2014\/05\/07\/pere-rusinol-es-muy-dificil-hacer-periodismo-cuando-la-propiedad-de-los-medios-ha-pasado-a-los-bancos\/","title":{"rendered":"<span lang=\"es\">(Espa\u00f1ol) PERE RUSI\u00d1OL: &#8220;ES MUY DIF\u00cdCIL HACER PERIODISMO CUANDO LA PROPIEDAD DE LOS MEDIOS HA PASADO A LOS BANCOS&#8221;<\/span>"},"content":{"rendered":"<p class=\"qtranxs-available-languages-message qtranxs-available-languages-message-ca\">Ho sentim, aquesta entrada es troba disponible \u00fanicament en <a href=\"https:\/\/periodismo.umh.es\/es\/wp-json\/wp\/v2\/posts\/852\" class=\"qtranxs-available-language-link qtranxs-available-language-link-es\" title=\"Espa\u00f1ol\">Espanyol Europeu<\/a>.<\/p>","protected":false},"excerpt":{"rendered":"<p>Ho sentim, aquesta entrada es troba disponible \u00fanicament en Espanyol Europeu.<\/p>\n","protected":false},"author":1762,"featured_media":0,"comment_status":"closed","ping_status":"open","sticky":false,"template":"","format":"standard","meta":{"ngg_post_thumbnail":0,"_links_to":"","_links_to_target":""},"categories":[2081],"tags":[17902,17944,17941,9324,3373,17942,17940],"_links":{"self":[{"href":"https:\/\/periodismo.umh.es\/ca\/wp-json\/wp\/v2\/posts\/852"}],"collection":[{"href":"https:\/\/periodismo.umh.es\/ca\/wp-json\/wp\/v2\/posts"}],"about":[{"href":"https:\/\/periodismo.umh.es\/ca\/wp-json\/wp\/v2\/types\/post"}],"author":[{"embeddable":true,"href":"https:\/\/periodismo.umh.es\/ca\/wp-json\/wp\/v2\/users\/1762"}],"replies":[{"embeddable":true,"href":"https:\/\/periodismo.umh.es\/ca\/wp-json\/wp\/v2\/comments?post=852"}],"version-history":[{"count":0,"href":"https:\/\/periodismo.umh.es\/ca\/wp-json\/wp\/v2\/posts\/852\/revisions"}],"wp:attachment":[{"href":"https:\/\/periodismo.umh.es\/ca\/wp-json\/wp\/v2\/media?parent=852"}],"wp:term":[{"taxonomy":"category","embeddable":true,"href":"https:\/\/periodismo.umh.es\/ca\/wp-json\/wp\/v2\/categories?post=852"},{"taxonomy":"post_tag","embeddable":true,"href":"https:\/\/periodismo.umh.es\/ca\/wp-json\/wp\/v2\/tags?post=852"}],"curies":[{"name":"wp","href":"https:\/\/api.w.org\/{rel}","templated":true}]}}