{"id":811,"date":"2014-03-26T22:57:21","date_gmt":"2014-03-26T21:57:21","guid":{"rendered":"http:\/\/periodismo.umh.es\/?p=811"},"modified":"2014-03-26T23:17:47","modified_gmt":"2014-03-26T22:17:47","slug":"barbara-yuste-carolina-benavent-y-pedro-torregrosa-han-explicado-las-claves-de-la-comunicacion-corporativa-en-la-era-digital","status":"publish","type":"post","link":"https:\/\/periodismo.umh.es\/ca\/2014\/03\/26\/barbara-yuste-carolina-benavent-y-pedro-torregrosa-han-explicado-las-claves-de-la-comunicacion-corporativa-en-la-era-digital\/","title":{"rendered":"<span lang=\"es\">(Espa\u00f1ol) B\u00c1RBARA YUSTE, CAROLINA BENAVENT Y PEDRO TORREGROSA HAN EXPLICADO LAS CLAVES DE LA COMUNICACI\u00d3N CORPORATIVA EN LA ERA DIGITAL<\/span>"},"content":{"rendered":"<p class=\"qtranxs-available-languages-message qtranxs-available-languages-message-ca\">Ho sentim, aquesta entrada es troba disponible \u00fanicament en <a href=\"https:\/\/periodismo.umh.es\/es\/wp-json\/wp\/v2\/posts\/811\" class=\"qtranxs-available-language-link qtranxs-available-language-link-es\" title=\"Espa\u00f1ol\">Espanyol Europeu<\/a>.<\/p>","protected":false},"excerpt":{"rendered":"<p>Ho sentim, aquesta entrada es troba disponible \u00fanicament en Espanyol Europeu.<\/p>\n","protected":false},"author":1762,"featured_media":0,"comment_status":"closed","ping_status":"open","sticky":false,"template":"","format":"standard","meta":{"ngg_post_thumbnail":0,"_links_to":"","_links_to_target":""},"categories":[17898,17897],"tags":[17927,3798,3797,17906,17898,53090,3854],"_links":{"self":[{"href":"https:\/\/periodismo.umh.es\/ca\/wp-json\/wp\/v2\/posts\/811"}],"collection":[{"href":"https:\/\/periodismo.umh.es\/ca\/wp-json\/wp\/v2\/posts"}],"about":[{"href":"https:\/\/periodismo.umh.es\/ca\/wp-json\/wp\/v2\/types\/post"}],"author":[{"embeddable":true,"href":"https:\/\/periodismo.umh.es\/ca\/wp-json\/wp\/v2\/users\/1762"}],"replies":[{"embeddable":true,"href":"https:\/\/periodismo.umh.es\/ca\/wp-json\/wp\/v2\/comments?post=811"}],"version-history":[{"count":0,"href":"https:\/\/periodismo.umh.es\/ca\/wp-json\/wp\/v2\/posts\/811\/revisions"}],"wp:attachment":[{"href":"https:\/\/periodismo.umh.es\/ca\/wp-json\/wp\/v2\/media?parent=811"}],"wp:term":[{"taxonomy":"category","embeddable":true,"href":"https:\/\/periodismo.umh.es\/ca\/wp-json\/wp\/v2\/categories?post=811"},{"taxonomy":"post_tag","embeddable":true,"href":"https:\/\/periodismo.umh.es\/ca\/wp-json\/wp\/v2\/tags?post=811"}],"curies":[{"name":"wp","href":"https:\/\/api.w.org\/{rel}","templated":true}]}}