{"id":799,"date":"2014-03-26T01:24:54","date_gmt":"2014-03-26T00:24:54","guid":{"rendered":"http:\/\/periodismo.umh.es\/?p=799"},"modified":"2014-03-29T20:20:26","modified_gmt":"2014-03-29T19:20:26","slug":"lorena-escandell-y-maribel-hernandez-resaltan-la-importancia-de-la-participacion-activa-en-el-voluntariado-asociativo","status":"publish","type":"post","link":"https:\/\/periodismo.umh.es\/ca\/2014\/03\/26\/lorena-escandell-y-maribel-hernandez-resaltan-la-importancia-de-la-participacion-activa-en-el-voluntariado-asociativo\/","title":{"rendered":"<span lang=\"es\">(Espa\u00f1ol) LORENA ESCANDELL Y MARIBEL HERN\u00c1NDEZ RESALTAN LA IMPORTANCIA DE LA PARTICIPACI\u00d3N ACTIVA EN EL VOLUNTARIADO ASOCIATIVO<\/span>"},"content":{"rendered":"<p class=\"qtranxs-available-languages-message qtranxs-available-languages-message-ca\">Ho sentim, aquesta entrada es troba disponible \u00fanicament en <a href=\"https:\/\/periodismo.umh.es\/es\/wp-json\/wp\/v2\/posts\/799\" class=\"qtranxs-available-language-link qtranxs-available-language-link-es\" title=\"Espa\u00f1ol\">Espanyol Europeu<\/a>.<\/p>","protected":false},"excerpt":{"rendered":"<p>Ho sentim, aquesta entrada es troba disponible \u00fanicament en Espanyol Europeu.<\/p>\n","protected":false},"author":1762,"featured_media":0,"comment_status":"closed","ping_status":"open","sticky":false,"template":"","format":"standard","meta":{"ngg_post_thumbnail":0,"_links_to":"","_links_to_target":""},"categories":[17898,17897],"tags":[17902,17920,3798,683,17898,53090,3854,168,403],"_links":{"self":[{"href":"https:\/\/periodismo.umh.es\/ca\/wp-json\/wp\/v2\/posts\/799"}],"collection":[{"href":"https:\/\/periodismo.umh.es\/ca\/wp-json\/wp\/v2\/posts"}],"about":[{"href":"https:\/\/periodismo.umh.es\/ca\/wp-json\/wp\/v2\/types\/post"}],"author":[{"embeddable":true,"href":"https:\/\/periodismo.umh.es\/ca\/wp-json\/wp\/v2\/users\/1762"}],"replies":[{"embeddable":true,"href":"https:\/\/periodismo.umh.es\/ca\/wp-json\/wp\/v2\/comments?post=799"}],"version-history":[{"count":0,"href":"https:\/\/periodismo.umh.es\/ca\/wp-json\/wp\/v2\/posts\/799\/revisions"}],"wp:attachment":[{"href":"https:\/\/periodismo.umh.es\/ca\/wp-json\/wp\/v2\/media?parent=799"}],"wp:term":[{"taxonomy":"category","embeddable":true,"href":"https:\/\/periodismo.umh.es\/ca\/wp-json\/wp\/v2\/categories?post=799"},{"taxonomy":"post_tag","embeddable":true,"href":"https:\/\/periodismo.umh.es\/ca\/wp-json\/wp\/v2\/tags?post=799"}],"curies":[{"name":"wp","href":"https:\/\/api.w.org\/{rel}","templated":true}]}}