{"id":66,"date":"2011-12-14T10:04:11","date_gmt":"2011-12-14T10:04:11","guid":{"rendered":"http:\/\/periodismo.umh.es\/2011\/12\/14\/santiago-gambin-habla-sobre-el-periodismo-deportivo-en-elche\/"},"modified":"2011-12-15T12:15:23","modified_gmt":"2011-12-15T12:15:23","slug":"santiago-gambin-habla-sobre-el-periodismo-deportivo-en-elche","status":"publish","type":"post","link":"https:\/\/periodismo.umh.es\/ca\/2011\/12\/14\/santiago-gambin-habla-sobre-el-periodismo-deportivo-en-elche\/","title":{"rendered":"Santiago Gamb\u00edn habla sobre el periodismo deportivo en Elche"},"content":{"rendered":"<p><a href=\"https:\/\/periodismo.umh.es\/files\/2011\/12\/DSC003181.jpg\"><img loading=\"lazy\" class=\"aligncenter size-medium wp-image-65\" title=\"DSC00318\" src=\"https:\/\/periodismo.umh.es\/files\/2011\/12\/DSC003181-300x168.jpg\" alt=\"\" width=\"300\" height=\"168\" srcset=\"https:\/\/periodismo.umh.es\/files\/2011\/12\/DSC003181-300x168.jpg 300w, https:\/\/periodismo.umh.es\/files\/2011\/12\/DSC003181-1024x575.jpg 1024w\" sizes=\"(max-width: 300px) 100vw, 300px\" \/><\/a><br \/>\nSantiago Gamb\u00edn, la veu que durant molts anys va acompanyar al ElcheCF en els canvis del Mart\u00ednez Valero, ha fet una xerrada en l&#8217;Aula4 de Atzavares sobre el periodisme esportiu local als alumnes de 4\u00ba de llicenciatura.<\/p>\n<p>El veter\u00e0 locutor ha posat de manifest els canvis en el m\u00f3n del deporte rei durant els \u00faltims anys. Encara que ha destacat que molts errors es repeteixen en la hist\u00f2ria, com \u00e9s el cas de l&#8217;eixida d&#8217;accionistes majoritaris: &#8220;Juan Carlos Ram\u00edrez no \u00e9s m\u00e9s que un altre dels ocells que l&#8217;Elx CF ha agafat, ho ha ficat en la g\u00e0bia de la tribuna, i quan est\u00e0 ja completament plomat se li obri la g\u00e0bia perqu\u00e8 es vaja. La difer\u00e8ncia \u00e9s que ara estan els jutjats pel mig&#8221;, assegura Gamb\u00edn.<\/p>\n<div class='bookmarkify'><a name='bookmarkify'><\/a><div class='linkbuttons'><a href='http:\/\/www.facebook.com\/share.php?u=https:\/\/periodismo.umh.es\/ca\/2011\/12\/14\/santiago-gambin-habla-sobre-el-periodismo-deportivo-en-elche\/' title='Save to Facebook' onclick='target=\"_blank\";' rel='nofollow'><img src='https:\/\/periodismo.umh.es\/wp-content\/plugins\/bookmarkify\/facebook.png' style='width:16px; height:16px;' alt='[Facebook] ' \/><\/a> <a href='http:\/\/twitter.com\/home\/?status=Santiago Gamb\u00edn habla sobre el periodismo deportivo en Elche+https:\/\/periodismo.umh.es\/ca\/2011\/12\/14\/santiago-gambin-habla-sobre-el-periodismo-deportivo-en-elche\/' title='Save to Twitter' onclick='target=\"_blank\";' rel='nofollow'><img src='https:\/\/periodismo.umh.es\/wp-content\/plugins\/bookmarkify\/twitter.png' style='width:16px; height:16px;' alt='[Twitter] ' \/><\/a> <\/div><\/div>","protected":false},"excerpt":{"rendered":"<p>Santiago Gamb\u00edn, la veu que durant molts anys va acompanyar al ElcheCF en els canvis del Mart\u00ednez Valero, ha fet una xerrada en l&#8217;Aula4 de Atzavares sobre el periodisme esportiu local als alumnes de 4\u00ba de llicenciatura.<br \/>\nEl veter\u00e0 locutor ha posat de manifest els canvis en el m\u00f3n del deporte rei durant els \u00faltims anys. [&#8230;]<\/p>\n","protected":false},"author":204,"featured_media":0,"comment_status":"closed","ping_status":"open","sticky":false,"template":"","format":"standard","meta":{"ngg_post_thumbnail":0,"_links_to":"","_links_to_target":""},"categories":[2081],"tags":[69,2079,2080,2078,2077],"_links":{"self":[{"href":"https:\/\/periodismo.umh.es\/ca\/wp-json\/wp\/v2\/posts\/66"}],"collection":[{"href":"https:\/\/periodismo.umh.es\/ca\/wp-json\/wp\/v2\/posts"}],"about":[{"href":"https:\/\/periodismo.umh.es\/ca\/wp-json\/wp\/v2\/types\/post"}],"author":[{"embeddable":true,"href":"https:\/\/periodismo.umh.es\/ca\/wp-json\/wp\/v2\/users\/204"}],"replies":[{"embeddable":true,"href":"https:\/\/periodismo.umh.es\/ca\/wp-json\/wp\/v2\/comments?post=66"}],"version-history":[{"count":0,"href":"https:\/\/periodismo.umh.es\/ca\/wp-json\/wp\/v2\/posts\/66\/revisions"}],"wp:attachment":[{"href":"https:\/\/periodismo.umh.es\/ca\/wp-json\/wp\/v2\/media?parent=66"}],"wp:term":[{"taxonomy":"category","embeddable":true,"href":"https:\/\/periodismo.umh.es\/ca\/wp-json\/wp\/v2\/categories?post=66"},{"taxonomy":"post_tag","embeddable":true,"href":"https:\/\/periodismo.umh.es\/ca\/wp-json\/wp\/v2\/tags?post=66"}],"curies":[{"name":"wp","href":"https:\/\/api.w.org\/{rel}","templated":true}]}}