{"id":647,"date":"2013-11-26T21:24:21","date_gmt":"2013-11-26T20:24:21","guid":{"rendered":"http:\/\/periodismo.umh.es\/?p=647"},"modified":"2013-11-26T21:24:21","modified_gmt":"2013-11-26T20:24:21","slug":"periodismo-umh-seguira-en-directo-el-ultimo-pleno-ordinario-de-les-corts","status":"publish","type":"post","link":"https:\/\/periodismo.umh.es\/ca\/2013\/11\/26\/periodismo-umh-seguira-en-directo-el-ultimo-pleno-ordinario-de-les-corts\/","title":{"rendered":"<span lang=\"es\">(Espa\u00f1ol) PERIODISMO UMH SEGUIR\u00c1 EN DIRECTO EL \u00daLTIMO PLENO ORDINARIO DE LES CORTS<\/span>"},"content":{"rendered":"<p class=\"qtranxs-available-languages-message qtranxs-available-languages-message-ca\">Ho sentim, aquesta entrada es troba disponible \u00fanicament en <a href=\"https:\/\/periodismo.umh.es\/es\/wp-json\/wp\/v2\/posts\/647\" class=\"qtranxs-available-language-link qtranxs-available-language-link-es\" title=\"Espa\u00f1ol\">Espanyol Europeu<\/a>.<\/p>","protected":false},"excerpt":{"rendered":"<p>Ho sentim, aquesta entrada es troba disponible \u00fanicament en Espanyol Europeu.<\/p>\n","protected":false},"author":1762,"featured_media":0,"comment_status":"closed","ping_status":"open","sticky":false,"template":"","format":"standard","meta":{"ngg_post_thumbnail":0,"_links_to":"","_links_to_target":""},"categories":[2229],"tags":[3967,3673,9304,9305,9306,4107],"_links":{"self":[{"href":"https:\/\/periodismo.umh.es\/ca\/wp-json\/wp\/v2\/posts\/647"}],"collection":[{"href":"https:\/\/periodismo.umh.es\/ca\/wp-json\/wp\/v2\/posts"}],"about":[{"href":"https:\/\/periodismo.umh.es\/ca\/wp-json\/wp\/v2\/types\/post"}],"author":[{"embeddable":true,"href":"https:\/\/periodismo.umh.es\/ca\/wp-json\/wp\/v2\/users\/1762"}],"replies":[{"embeddable":true,"href":"https:\/\/periodismo.umh.es\/ca\/wp-json\/wp\/v2\/comments?post=647"}],"version-history":[{"count":0,"href":"https:\/\/periodismo.umh.es\/ca\/wp-json\/wp\/v2\/posts\/647\/revisions"}],"wp:attachment":[{"href":"https:\/\/periodismo.umh.es\/ca\/wp-json\/wp\/v2\/media?parent=647"}],"wp:term":[{"taxonomy":"category","embeddable":true,"href":"https:\/\/periodismo.umh.es\/ca\/wp-json\/wp\/v2\/categories?post=647"},{"taxonomy":"post_tag","embeddable":true,"href":"https:\/\/periodismo.umh.es\/ca\/wp-json\/wp\/v2\/tags?post=647"}],"curies":[{"name":"wp","href":"https:\/\/api.w.org\/{rel}","templated":true}]}}