{"id":617,"date":"2013-10-30T19:33:15","date_gmt":"2013-10-30T18:33:15","guid":{"rendered":"http:\/\/periodismo.umh.es\/?p=617"},"modified":"2013-10-30T19:38:40","modified_gmt":"2013-10-30T18:38:40","slug":"juan-luis-sanchez-subdirector-de-eldiario-es-la-firma-personal-en-las-redes-sociales-a-veces-tiene-mas-peso-que-la-cabecera-para-la-que-trabajes","status":"publish","type":"post","link":"https:\/\/periodismo.umh.es\/ca\/2013\/10\/30\/juan-luis-sanchez-subdirector-de-eldiario-es-la-firma-personal-en-las-redes-sociales-a-veces-tiene-mas-peso-que-la-cabecera-para-la-que-trabajes\/","title":{"rendered":"<span lang=\"es\">(Espa\u00f1ol) JUAN LUIS S\u00c1NCHEZ, SUBDIRECTOR DE ELDIARIO.ES: &#8220;LA FIRMA PERSONAL EN LAS REDES SOCIALES A VECES TIENE M\u00c1S PESO QUE LA CABECERA PARA LA QUE TRABAJES&#8221;<\/span>"},"content":{"rendered":"<p class=\"qtranxs-available-languages-message qtranxs-available-languages-message-ca\">Ho sentim, aquesta entrada es troba disponible \u00fanicament en <a href=\"https:\/\/periodismo.umh.es\/es\/wp-json\/wp\/v2\/posts\/617\" class=\"qtranxs-available-language-link qtranxs-available-language-link-es\" title=\"Espa\u00f1ol\">Espanyol Europeu<\/a>.<\/p>","protected":false},"excerpt":{"rendered":"<p>Ho sentim, aquesta entrada es troba disponible \u00fanicament en Espanyol Europeu.<\/p>\n","protected":false},"author":1762,"featured_media":0,"comment_status":"closed","ping_status":"open","sticky":false,"template":"","format":"standard","meta":{"ngg_post_thumbnail":0,"_links_to":"","_links_to_target":""},"categories":[3873],"tags":[4401,9277,9278,53102],"_links":{"self":[{"href":"https:\/\/periodismo.umh.es\/ca\/wp-json\/wp\/v2\/posts\/617"}],"collection":[{"href":"https:\/\/periodismo.umh.es\/ca\/wp-json\/wp\/v2\/posts"}],"about":[{"href":"https:\/\/periodismo.umh.es\/ca\/wp-json\/wp\/v2\/types\/post"}],"author":[{"embeddable":true,"href":"https:\/\/periodismo.umh.es\/ca\/wp-json\/wp\/v2\/users\/1762"}],"replies":[{"embeddable":true,"href":"https:\/\/periodismo.umh.es\/ca\/wp-json\/wp\/v2\/comments?post=617"}],"version-history":[{"count":0,"href":"https:\/\/periodismo.umh.es\/ca\/wp-json\/wp\/v2\/posts\/617\/revisions"}],"wp:attachment":[{"href":"https:\/\/periodismo.umh.es\/ca\/wp-json\/wp\/v2\/media?parent=617"}],"wp:term":[{"taxonomy":"category","embeddable":true,"href":"https:\/\/periodismo.umh.es\/ca\/wp-json\/wp\/v2\/categories?post=617"},{"taxonomy":"post_tag","embeddable":true,"href":"https:\/\/periodismo.umh.es\/ca\/wp-json\/wp\/v2\/tags?post=617"}],"curies":[{"name":"wp","href":"https:\/\/api.w.org\/{rel}","templated":true}]}}