{"id":597,"date":"2013-10-16T21:20:42","date_gmt":"2013-10-16T19:20:42","guid":{"rendered":"http:\/\/periodismo.umh.es\/?p=597"},"modified":"2013-10-16T21:22:54","modified_gmt":"2013-10-16T19:22:54","slug":"rosa-maria-calaf-ahora-mas-que-nunca-es-necesario-un-periodismo-riguroso-e-independiente-al-servicio-de-la-sociedad","status":"publish","type":"post","link":"https:\/\/periodismo.umh.es\/ca\/2013\/10\/16\/rosa-maria-calaf-ahora-mas-que-nunca-es-necesario-un-periodismo-riguroso-e-independiente-al-servicio-de-la-sociedad\/","title":{"rendered":"<span lang=\"es\">(Espa\u00f1ol) ROSA MAR\u00cdA CALAF: &#8220;AHORA M\u00c1S QUE NUNCA ES NECESARIO UN PERIODISMO RIGUROSO E INDEPENDIENTE AL SERVICIO DE LA SOCIEDAD&#8221;<\/span>"},"content":{"rendered":"<p class=\"qtranxs-available-languages-message qtranxs-available-languages-message-ca\">Ho sentim, aquesta entrada es troba disponible \u00fanicament en <a href=\"https:\/\/periodismo.umh.es\/es\/wp-json\/wp\/v2\/posts\/597\" class=\"qtranxs-available-language-link qtranxs-available-language-link-es\" title=\"Espa\u00f1ol\">Espanyol Europeu<\/a>.<\/p>","protected":false},"excerpt":{"rendered":"<p>Ho sentim, aquesta entrada es troba disponible \u00fanicament en Espanyol Europeu.<\/p>\n","protected":false},"author":1762,"featured_media":0,"comment_status":"closed","ping_status":"open","sticky":false,"template":"","format":"standard","meta":{"ngg_post_thumbnail":0,"_links_to":"","_links_to_target":""},"categories":[2081],"tags":[3998,53090,4062,2303],"_links":{"self":[{"href":"https:\/\/periodismo.umh.es\/ca\/wp-json\/wp\/v2\/posts\/597"}],"collection":[{"href":"https:\/\/periodismo.umh.es\/ca\/wp-json\/wp\/v2\/posts"}],"about":[{"href":"https:\/\/periodismo.umh.es\/ca\/wp-json\/wp\/v2\/types\/post"}],"author":[{"embeddable":true,"href":"https:\/\/periodismo.umh.es\/ca\/wp-json\/wp\/v2\/users\/1762"}],"replies":[{"embeddable":true,"href":"https:\/\/periodismo.umh.es\/ca\/wp-json\/wp\/v2\/comments?post=597"}],"version-history":[{"count":0,"href":"https:\/\/periodismo.umh.es\/ca\/wp-json\/wp\/v2\/posts\/597\/revisions"}],"wp:attachment":[{"href":"https:\/\/periodismo.umh.es\/ca\/wp-json\/wp\/v2\/media?parent=597"}],"wp:term":[{"taxonomy":"category","embeddable":true,"href":"https:\/\/periodismo.umh.es\/ca\/wp-json\/wp\/v2\/categories?post=597"},{"taxonomy":"post_tag","embeddable":true,"href":"https:\/\/periodismo.umh.es\/ca\/wp-json\/wp\/v2\/tags?post=597"}],"curies":[{"name":"wp","href":"https:\/\/api.w.org\/{rel}","templated":true}]}}