{"id":5927,"date":"2025-09-23T15:23:43","date_gmt":"2025-09-23T13:23:43","guid":{"rendered":"https:\/\/periodismo.umh.es\/?p=5927"},"modified":"2025-11-24T12:22:40","modified_gmt":"2025-11-24T11:22:40","slug":"el-periodista-jose-penin-comparte-en-orihuela-las-claves-de-su-guia-de-vinos-de-espana","status":"publish","type":"post","link":"https:\/\/periodismo.umh.es\/ca\/2025\/09\/23\/el-periodista-jose-penin-comparte-en-orihuela-las-claves-de-su-guia-de-vinos-de-espana\/","title":{"rendered":"<span lang=\"es\">(Espa\u00f1ol) El periodista Jos\u00e9 Pe\u00f1\u00edn comparte en Orihuela las claves de su gu\u00eda de vinos de Espa\u00f1a<\/span>"},"content":{"rendered":"<p class=\"qtranxs-available-languages-message qtranxs-available-languages-message-ca\">Ho sentim, aquesta entrada es troba disponible \u00fanicament en <a href=\"https:\/\/periodismo.umh.es\/es\/wp-json\/wp\/v2\/posts\/5927\" class=\"qtranxs-available-language-link qtranxs-available-language-link-es\" title=\"Espa\u00f1ol\">Espanyol Europeu<\/a> i <a href=\"https:\/\/periodismo.umh.es\/en\/wp-json\/wp\/v2\/posts\/5927\" class=\"qtranxs-available-language-link qtranxs-available-language-link-en\" title=\"English\">Angl\u00e8s Americ\u00e0<\/a>.<\/p>","protected":false},"excerpt":{"rendered":"<p>Ho sentim, aquesta entrada es troba disponible \u00fanicament en Espanyol Europeu i Angl\u00e8s Americ\u00e0.<\/p>\n","protected":false},"author":2641,"featured_media":0,"comment_status":"closed","ping_status":"open","sticky":false,"template":"","format":"standard","meta":{"ngg_post_thumbnail":0,"_links_to":"","_links_to_target":""},"categories":[2229],"tags":[],"_links":{"self":[{"href":"https:\/\/periodismo.umh.es\/ca\/wp-json\/wp\/v2\/posts\/5927"}],"collection":[{"href":"https:\/\/periodismo.umh.es\/ca\/wp-json\/wp\/v2\/posts"}],"about":[{"href":"https:\/\/periodismo.umh.es\/ca\/wp-json\/wp\/v2\/types\/post"}],"author":[{"embeddable":true,"href":"https:\/\/periodismo.umh.es\/ca\/wp-json\/wp\/v2\/users\/2641"}],"replies":[{"embeddable":true,"href":"https:\/\/periodismo.umh.es\/ca\/wp-json\/wp\/v2\/comments?post=5927"}],"version-history":[{"count":0,"href":"https:\/\/periodismo.umh.es\/ca\/wp-json\/wp\/v2\/posts\/5927\/revisions"}],"wp:attachment":[{"href":"https:\/\/periodismo.umh.es\/ca\/wp-json\/wp\/v2\/media?parent=5927"}],"wp:term":[{"taxonomy":"category","embeddable":true,"href":"https:\/\/periodismo.umh.es\/ca\/wp-json\/wp\/v2\/categories?post=5927"},{"taxonomy":"post_tag","embeddable":true,"href":"https:\/\/periodismo.umh.es\/ca\/wp-json\/wp\/v2\/tags?post=5927"}],"curies":[{"name":"wp","href":"https:\/\/api.w.org\/{rel}","templated":true}]}}