{"id":585,"date":"2013-10-07T16:39:01","date_gmt":"2013-10-07T14:39:01","guid":{"rendered":"http:\/\/periodismo.umh.es\/?p=585"},"modified":"2013-10-07T16:40:13","modified_gmt":"2013-10-07T14:40:13","slug":"la-periodista-rosa-maria-calaf-impartira-una-conferencia-en-el-aula-magna-con-motivo-de-la-apertura-de-curso","status":"publish","type":"post","link":"https:\/\/periodismo.umh.es\/ca\/2013\/10\/07\/la-periodista-rosa-maria-calaf-impartira-una-conferencia-en-el-aula-magna-con-motivo-de-la-apertura-de-curso\/","title":{"rendered":"<span lang=\"es\">(Espa\u00f1ol) LA PERIODISTA ROSA MAR\u00cdA CALAF IMPARTIR\u00c1 UNA CONFERENCIA EN EL AULA MAGNA CON MOTIVO DE LA APERTURA DE CURSO<\/span>"},"content":{"rendered":"<p class=\"qtranxs-available-languages-message qtranxs-available-languages-message-ca\">Ho sentim, aquesta entrada es troba disponible \u00fanicament en <a href=\"https:\/\/periodismo.umh.es\/es\/wp-json\/wp\/v2\/posts\/585\" class=\"qtranxs-available-language-link qtranxs-available-language-link-es\" title=\"Espa\u00f1ol\">Espanyol Europeu<\/a>.<\/p>","protected":false},"excerpt":{"rendered":"<p>Ho sentim, aquesta entrada es troba disponible \u00fanicament en Espanyol Europeu.<\/p>\n","protected":false},"author":1762,"featured_media":0,"comment_status":"closed","ping_status":"open","sticky":false,"template":"","format":"standard","meta":{"ngg_post_thumbnail":0,"_links_to":"","_links_to_target":""},"categories":[988],"tags":[3998,4062],"_links":{"self":[{"href":"https:\/\/periodismo.umh.es\/ca\/wp-json\/wp\/v2\/posts\/585"}],"collection":[{"href":"https:\/\/periodismo.umh.es\/ca\/wp-json\/wp\/v2\/posts"}],"about":[{"href":"https:\/\/periodismo.umh.es\/ca\/wp-json\/wp\/v2\/types\/post"}],"author":[{"embeddable":true,"href":"https:\/\/periodismo.umh.es\/ca\/wp-json\/wp\/v2\/users\/1762"}],"replies":[{"embeddable":true,"href":"https:\/\/periodismo.umh.es\/ca\/wp-json\/wp\/v2\/comments?post=585"}],"version-history":[{"count":0,"href":"https:\/\/periodismo.umh.es\/ca\/wp-json\/wp\/v2\/posts\/585\/revisions"}],"wp:attachment":[{"href":"https:\/\/periodismo.umh.es\/ca\/wp-json\/wp\/v2\/media?parent=585"}],"wp:term":[{"taxonomy":"category","embeddable":true,"href":"https:\/\/periodismo.umh.es\/ca\/wp-json\/wp\/v2\/categories?post=585"},{"taxonomy":"post_tag","embeddable":true,"href":"https:\/\/periodismo.umh.es\/ca\/wp-json\/wp\/v2\/tags?post=585"}],"curies":[{"name":"wp","href":"https:\/\/api.w.org\/{rel}","templated":true}]}}