{"id":567,"date":"2013-09-12T17:11:29","date_gmt":"2013-09-12T15:11:29","guid":{"rendered":"http:\/\/periodismo.umh.es\/?p=567"},"modified":"2013-09-19T13:50:01","modified_gmt":"2013-09-19T11:50:01","slug":"rafa-arjones-clausura-el-curso-de-fotoperiodismo-y-ultimas-plazas-para-el-de-comunicacion-2-0-google-redes-sociales-blogs-y-edicion-de-video","status":"publish","type":"post","link":"https:\/\/periodismo.umh.es\/ca\/2013\/09\/12\/rafa-arjones-clausura-el-curso-de-fotoperiodismo-y-ultimas-plazas-para-el-de-comunicacion-2-0-google-redes-sociales-blogs-y-edicion-de-video\/","title":{"rendered":"<span lang=\"es\">(Espa\u00f1ol) RAFA ARJONES CLAUSURA EL CURSO DE FOTOPERIODISMO Y \u00daLTIMAS PLAZAS PARA EL DE COMUNICACI\u00d3N 2.0: GOOGLE, REDES SOCIALES, BLOGS Y EDICI\u00d3N DE V\u00cdDEO<\/span>"},"content":{"rendered":"<p class=\"qtranxs-available-languages-message qtranxs-available-languages-message-ca\">Ho sentim, aquesta entrada es troba disponible \u00fanicament en <a href=\"https:\/\/periodismo.umh.es\/es\/wp-json\/wp\/v2\/posts\/567\" class=\"qtranxs-available-language-link qtranxs-available-language-link-es\" title=\"Espa\u00f1ol\">Espanyol Europeu<\/a>.<\/p>","protected":false},"excerpt":{"rendered":"<p>Ho sentim, aquesta entrada es troba disponible \u00fanicament en Espanyol Europeu.<\/p>\n","protected":false},"author":203,"featured_media":0,"comment_status":"closed","ping_status":"open","sticky":false,"template":"","format":"standard","meta":{"ngg_post_thumbnail":0,"_links_to":"","_links_to_target":""},"categories":[988,6,3725],"tags":[],"_links":{"self":[{"href":"https:\/\/periodismo.umh.es\/ca\/wp-json\/wp\/v2\/posts\/567"}],"collection":[{"href":"https:\/\/periodismo.umh.es\/ca\/wp-json\/wp\/v2\/posts"}],"about":[{"href":"https:\/\/periodismo.umh.es\/ca\/wp-json\/wp\/v2\/types\/post"}],"author":[{"embeddable":true,"href":"https:\/\/periodismo.umh.es\/ca\/wp-json\/wp\/v2\/users\/203"}],"replies":[{"embeddable":true,"href":"https:\/\/periodismo.umh.es\/ca\/wp-json\/wp\/v2\/comments?post=567"}],"version-history":[{"count":0,"href":"https:\/\/periodismo.umh.es\/ca\/wp-json\/wp\/v2\/posts\/567\/revisions"}],"wp:attachment":[{"href":"https:\/\/periodismo.umh.es\/ca\/wp-json\/wp\/v2\/media?parent=567"}],"wp:term":[{"taxonomy":"category","embeddable":true,"href":"https:\/\/periodismo.umh.es\/ca\/wp-json\/wp\/v2\/categories?post=567"},{"taxonomy":"post_tag","embeddable":true,"href":"https:\/\/periodismo.umh.es\/ca\/wp-json\/wp\/v2\/tags?post=567"}],"curies":[{"name":"wp","href":"https:\/\/api.w.org\/{rel}","templated":true}]}}