{"id":5615,"date":"2024-10-28T22:09:04","date_gmt":"2024-10-28T21:09:04","guid":{"rendered":"https:\/\/periodismo.umh.es\/?p=5615"},"modified":"2024-10-28T22:09:04","modified_gmt":"2024-10-28T21:09:04","slug":"sesion-de-presentacion-del-curso-de-formacion-permanente-direccion-y-produccion-audiovisual-5-y-accion","status":"publish","type":"post","link":"https:\/\/periodismo.umh.es\/ca\/2024\/10\/28\/sesion-de-presentacion-del-curso-de-formacion-permanente-direccion-y-produccion-audiovisual-5-y-accion\/","title":{"rendered":"<span lang=\"es\">(Espa\u00f1ol) Sesi\u00f3n de presentaci\u00f3n del Curso de Formaci\u00f3n Permanente &#8220;Direcci\u00f3n y producci\u00f3n audiovisual: 5 y acci\u00f3n&#8221;<\/span>"},"content":{"rendered":"<p class=\"qtranxs-available-languages-message qtranxs-available-languages-message-ca\">Ho sentim, aquesta entrada es troba disponible \u00fanicament en <a href=\"https:\/\/periodismo.umh.es\/es\/wp-json\/wp\/v2\/posts\/5615\" class=\"qtranxs-available-language-link qtranxs-available-language-link-es\" title=\"Espa\u00f1ol\">Espanyol Europeu<\/a>.<\/p>","protected":false},"excerpt":{"rendered":"<p>Ho sentim, aquesta entrada es troba disponible \u00fanicament en Espanyol Europeu.<\/p>\n","protected":false},"author":2641,"featured_media":0,"comment_status":"closed","ping_status":"open","sticky":false,"template":"","format":"standard","meta":{"ngg_post_thumbnail":0,"_links_to":"","_links_to_target":""},"categories":[6],"tags":[],"_links":{"self":[{"href":"https:\/\/periodismo.umh.es\/ca\/wp-json\/wp\/v2\/posts\/5615"}],"collection":[{"href":"https:\/\/periodismo.umh.es\/ca\/wp-json\/wp\/v2\/posts"}],"about":[{"href":"https:\/\/periodismo.umh.es\/ca\/wp-json\/wp\/v2\/types\/post"}],"author":[{"embeddable":true,"href":"https:\/\/periodismo.umh.es\/ca\/wp-json\/wp\/v2\/users\/2641"}],"replies":[{"embeddable":true,"href":"https:\/\/periodismo.umh.es\/ca\/wp-json\/wp\/v2\/comments?post=5615"}],"version-history":[{"count":0,"href":"https:\/\/periodismo.umh.es\/ca\/wp-json\/wp\/v2\/posts\/5615\/revisions"}],"wp:attachment":[{"href":"https:\/\/periodismo.umh.es\/ca\/wp-json\/wp\/v2\/media?parent=5615"}],"wp:term":[{"taxonomy":"category","embeddable":true,"href":"https:\/\/periodismo.umh.es\/ca\/wp-json\/wp\/v2\/categories?post=5615"},{"taxonomy":"post_tag","embeddable":true,"href":"https:\/\/periodismo.umh.es\/ca\/wp-json\/wp\/v2\/tags?post=5615"}],"curies":[{"name":"wp","href":"https:\/\/api.w.org\/{rel}","templated":true}]}}