{"id":5496,"date":"2024-05-31T16:48:18","date_gmt":"2024-05-31T14:48:18","guid":{"rendered":"https:\/\/periodismo.umh.es\/?p=5496"},"modified":"2024-05-31T16:48:18","modified_gmt":"2024-05-31T14:48:18","slug":"la-oei-otorga-la-mencion-especial-del-premio-iberoamericano-de-educacion-en-derechos-humanos-al-programa-elche-espacio-seguro-rsf%e2%80%90-umh-para-la-libertad-de-prensa","status":"publish","type":"post","link":"https:\/\/periodismo.umh.es\/ca\/2024\/05\/31\/la-oei-otorga-la-mencion-especial-del-premio-iberoamericano-de-educacion-en-derechos-humanos-al-programa-elche-espacio-seguro-rsf%e2%80%90-umh-para-la-libertad-de-prensa\/","title":{"rendered":"<span lang=\"es\">(Espa\u00f1ol) La OEI otorga la menci\u00f3n especial del Premio Iberoamericano de Educaci\u00f3n en Derechos Humanos al programa \u2018Elche Espacio Seguro RSF\u2010 UMH para la Libertad de Prensa\u2019<\/span>"},"content":{"rendered":"<p class=\"qtranxs-available-languages-message qtranxs-available-languages-message-ca\">Ho sentim, aquesta entrada es troba disponible \u00fanicament en <a href=\"https:\/\/periodismo.umh.es\/es\/wp-json\/wp\/v2\/posts\/5496\" class=\"qtranxs-available-language-link qtranxs-available-language-link-es\" title=\"Espa\u00f1ol\">Espanyol Europeu<\/a>.<\/p>","protected":false},"excerpt":{"rendered":"<p>Ho sentim, aquesta entrada es troba disponible \u00fanicament en Espanyol Europeu.<\/p>\n","protected":false},"author":2641,"featured_media":0,"comment_status":"closed","ping_status":"open","sticky":false,"template":"","format":"standard","meta":{"ngg_post_thumbnail":0,"_links_to":"","_links_to_target":""},"categories":[2145],"tags":[],"_links":{"self":[{"href":"https:\/\/periodismo.umh.es\/ca\/wp-json\/wp\/v2\/posts\/5496"}],"collection":[{"href":"https:\/\/periodismo.umh.es\/ca\/wp-json\/wp\/v2\/posts"}],"about":[{"href":"https:\/\/periodismo.umh.es\/ca\/wp-json\/wp\/v2\/types\/post"}],"author":[{"embeddable":true,"href":"https:\/\/periodismo.umh.es\/ca\/wp-json\/wp\/v2\/users\/2641"}],"replies":[{"embeddable":true,"href":"https:\/\/periodismo.umh.es\/ca\/wp-json\/wp\/v2\/comments?post=5496"}],"version-history":[{"count":0,"href":"https:\/\/periodismo.umh.es\/ca\/wp-json\/wp\/v2\/posts\/5496\/revisions"}],"wp:attachment":[{"href":"https:\/\/periodismo.umh.es\/ca\/wp-json\/wp\/v2\/media?parent=5496"}],"wp:term":[{"taxonomy":"category","embeddable":true,"href":"https:\/\/periodismo.umh.es\/ca\/wp-json\/wp\/v2\/categories?post=5496"},{"taxonomy":"post_tag","embeddable":true,"href":"https:\/\/periodismo.umh.es\/ca\/wp-json\/wp\/v2\/tags?post=5496"}],"curies":[{"name":"wp","href":"https:\/\/api.w.org\/{rel}","templated":true}]}}