{"id":4701,"date":"2022-10-24T14:16:06","date_gmt":"2022-10-24T12:16:06","guid":{"rendered":"https:\/\/periodismo.umh.es\/?p=4701"},"modified":"2022-10-24T14:16:06","modified_gmt":"2022-10-24T12:16:06","slug":"seminario-online-como-informar-sobre-conflictos-crisis-humanitarias-y-de-refugio-con-enfoque-de-genero-y-ddhh-desde-el-caso-del-territorio-palestino-ocupado","status":"publish","type":"post","link":"https:\/\/periodismo.umh.es\/ca\/2022\/10\/24\/seminario-online-como-informar-sobre-conflictos-crisis-humanitarias-y-de-refugio-con-enfoque-de-genero-y-ddhh-desde-el-caso-del-territorio-palestino-ocupado\/","title":{"rendered":"<span lang=\"es\">(Espa\u00f1ol) Seminario Online C\u00f3mo Informar sobre Conflictos, Crisis Humanitarias y de Refugio con Enfoque de G\u00e9nero y DDHH desde el caso del territorio Palestino ocupado<\/span>"},"content":{"rendered":"<p class=\"qtranxs-available-languages-message qtranxs-available-languages-message-ca\">Ho sentim, aquesta entrada es troba disponible \u00fanicament en <a href=\"https:\/\/periodismo.umh.es\/es\/wp-json\/wp\/v2\/posts\/4701\" class=\"qtranxs-available-language-link qtranxs-available-language-link-es\" title=\"Espa\u00f1ol\">Espanyol Europeu<\/a>.<\/p>","protected":false},"excerpt":{"rendered":"<p>Ho sentim, aquesta entrada es troba disponible \u00fanicament en Espanyol Europeu.<\/p>\n","protected":false},"author":2745,"featured_media":0,"comment_status":"closed","ping_status":"open","sticky":false,"template":"","format":"standard","meta":{"ngg_post_thumbnail":0,"_links_to":"","_links_to_target":""},"categories":[2229,367216,2081,992],"tags":[3854,1362672,992,279977],"_links":{"self":[{"href":"https:\/\/periodismo.umh.es\/ca\/wp-json\/wp\/v2\/posts\/4701"}],"collection":[{"href":"https:\/\/periodismo.umh.es\/ca\/wp-json\/wp\/v2\/posts"}],"about":[{"href":"https:\/\/periodismo.umh.es\/ca\/wp-json\/wp\/v2\/types\/post"}],"author":[{"embeddable":true,"href":"https:\/\/periodismo.umh.es\/ca\/wp-json\/wp\/v2\/users\/2745"}],"replies":[{"embeddable":true,"href":"https:\/\/periodismo.umh.es\/ca\/wp-json\/wp\/v2\/comments?post=4701"}],"version-history":[{"count":0,"href":"https:\/\/periodismo.umh.es\/ca\/wp-json\/wp\/v2\/posts\/4701\/revisions"}],"wp:attachment":[{"href":"https:\/\/periodismo.umh.es\/ca\/wp-json\/wp\/v2\/media?parent=4701"}],"wp:term":[{"taxonomy":"category","embeddable":true,"href":"https:\/\/periodismo.umh.es\/ca\/wp-json\/wp\/v2\/categories?post=4701"},{"taxonomy":"post_tag","embeddable":true,"href":"https:\/\/periodismo.umh.es\/ca\/wp-json\/wp\/v2\/tags?post=4701"}],"curies":[{"name":"wp","href":"https:\/\/api.w.org\/{rel}","templated":true}]}}