{"id":4545,"date":"2022-07-04T10:14:23","date_gmt":"2022-07-04T08:14:23","guid":{"rendered":"https:\/\/periodismo.umh.es\/?p=4545"},"modified":"2022-07-04T10:14:23","modified_gmt":"2022-07-04T08:14:23","slug":"el-cortometraje-la-caja-de-papel-dirigido-por-pedro-garcia-anton-y-manuel-guevara-lopez-es-el-ganador-del-festival-de-cine-universitario-zoom-in-2022","status":"publish","type":"post","link":"https:\/\/periodismo.umh.es\/ca\/2022\/07\/04\/el-cortometraje-la-caja-de-papel-dirigido-por-pedro-garcia-anton-y-manuel-guevara-lopez-es-el-ganador-del-festival-de-cine-universitario-zoom-in-2022\/","title":{"rendered":"<span lang=\"es\">(Espa\u00f1ol) El cortometraje La caja de papel dirigido por Pedro Garc\u00eda Ant\u00f3n y Manuel Guevara L\u00f3pez es el ganador del Festival de Cine Universitario Zoom In 2022<\/span>"},"content":{"rendered":"<p class=\"qtranxs-available-languages-message qtranxs-available-languages-message-ca\">Ho sentim, aquesta entrada es troba disponible \u00fanicament en <a href=\"https:\/\/periodismo.umh.es\/es\/wp-json\/wp\/v2\/posts\/4545\" class=\"qtranxs-available-language-link qtranxs-available-language-link-es\" title=\"Espa\u00f1ol\">Espanyol Europeu<\/a>.<\/p>","protected":false},"excerpt":{"rendered":"<p>Ho sentim, aquesta entrada es troba disponible \u00fanicament en Espanyol Europeu.<\/p>\n","protected":false},"author":1724,"featured_media":0,"comment_status":"closed","ping_status":"open","sticky":false,"template":"","format":"standard","meta":{"ngg_post_thumbnail":0,"_links_to":"","_links_to_target":""},"categories":[2229,3051,144,512,719,2145],"tags":[279905],"_links":{"self":[{"href":"https:\/\/periodismo.umh.es\/ca\/wp-json\/wp\/v2\/posts\/4545"}],"collection":[{"href":"https:\/\/periodismo.umh.es\/ca\/wp-json\/wp\/v2\/posts"}],"about":[{"href":"https:\/\/periodismo.umh.es\/ca\/wp-json\/wp\/v2\/types\/post"}],"author":[{"embeddable":true,"href":"https:\/\/periodismo.umh.es\/ca\/wp-json\/wp\/v2\/users\/1724"}],"replies":[{"embeddable":true,"href":"https:\/\/periodismo.umh.es\/ca\/wp-json\/wp\/v2\/comments?post=4545"}],"version-history":[{"count":0,"href":"https:\/\/periodismo.umh.es\/ca\/wp-json\/wp\/v2\/posts\/4545\/revisions"}],"wp:attachment":[{"href":"https:\/\/periodismo.umh.es\/ca\/wp-json\/wp\/v2\/media?parent=4545"}],"wp:term":[{"taxonomy":"category","embeddable":true,"href":"https:\/\/periodismo.umh.es\/ca\/wp-json\/wp\/v2\/categories?post=4545"},{"taxonomy":"post_tag","embeddable":true,"href":"https:\/\/periodismo.umh.es\/ca\/wp-json\/wp\/v2\/tags?post=4545"}],"curies":[{"name":"wp","href":"https:\/\/api.w.org\/{rel}","templated":true}]}}