{"id":444,"date":"2013-02-11T17:12:41","date_gmt":"2013-02-11T16:12:41","guid":{"rendered":"http:\/\/periodismo.umh.es\/2013\/02\/11\/la-asociacion-de-la-prensa-de-alicante-organiza-el-curso-publicacion-de-anuncios-en-internet-con-google-adsense\/"},"modified":"2013-02-11T17:12:41","modified_gmt":"2013-02-11T16:12:41","slug":"la-asociacion-de-la-prensa-de-alicante-organiza-el-curso-publicacion-de-anuncios-en-internet-con-google-adsense","status":"publish","type":"post","link":"https:\/\/periodismo.umh.es\/ca\/2013\/02\/11\/la-asociacion-de-la-prensa-de-alicante-organiza-el-curso-publicacion-de-anuncios-en-internet-con-google-adsense\/","title":{"rendered":"<span lang=\"es\">(Espa\u00f1ol) LA ASOCIACI\u00d3N DE LA PRENSA DE ALICANTE ORGANIZA EL CURSO &#8216;PUBLICACI\u00d3N DE ANUNCIOS EN INTERNET CON GOOGLE ADSENSE&#8217;<\/span>"},"content":{"rendered":"<p class=\"qtranxs-available-languages-message qtranxs-available-languages-message-ca\">Ho sentim, aquesta entrada es troba disponible \u00fanicament en <a href=\"https:\/\/periodismo.umh.es\/es\/wp-json\/wp\/v2\/posts\/444\" class=\"qtranxs-available-language-link qtranxs-available-language-link-es\" title=\"Espa\u00f1ol\">Espanyol Europeu<\/a>.<\/p>","protected":false},"excerpt":{"rendered":"<p>Ho sentim, aquesta entrada es troba disponible \u00fanicament en Espanyol Europeu.<\/p>\n","protected":false},"author":1762,"featured_media":0,"comment_status":"closed","ping_status":"open","sticky":false,"template":"","format":"standard","meta":{"ngg_post_thumbnail":0,"_links_to":"","_links_to_target":""},"categories":[6],"tags":[2361,4281,53084,53090,696,4282],"_links":{"self":[{"href":"https:\/\/periodismo.umh.es\/ca\/wp-json\/wp\/v2\/posts\/444"}],"collection":[{"href":"https:\/\/periodismo.umh.es\/ca\/wp-json\/wp\/v2\/posts"}],"about":[{"href":"https:\/\/periodismo.umh.es\/ca\/wp-json\/wp\/v2\/types\/post"}],"author":[{"embeddable":true,"href":"https:\/\/periodismo.umh.es\/ca\/wp-json\/wp\/v2\/users\/1762"}],"replies":[{"embeddable":true,"href":"https:\/\/periodismo.umh.es\/ca\/wp-json\/wp\/v2\/comments?post=444"}],"version-history":[{"count":0,"href":"https:\/\/periodismo.umh.es\/ca\/wp-json\/wp\/v2\/posts\/444\/revisions"}],"wp:attachment":[{"href":"https:\/\/periodismo.umh.es\/ca\/wp-json\/wp\/v2\/media?parent=444"}],"wp:term":[{"taxonomy":"category","embeddable":true,"href":"https:\/\/periodismo.umh.es\/ca\/wp-json\/wp\/v2\/categories?post=444"},{"taxonomy":"post_tag","embeddable":true,"href":"https:\/\/periodismo.umh.es\/ca\/wp-json\/wp\/v2\/tags?post=444"}],"curies":[{"name":"wp","href":"https:\/\/api.w.org\/{rel}","templated":true}]}}