{"id":375,"date":"2012-11-20T11:26:51","date_gmt":"2012-11-20T10:26:51","guid":{"rendered":"http:\/\/periodismo.umh.es\/2012\/11\/20\/semana-de-locura-en-periodismo-umh-beata-nowacka-ramon-lobo-pau-llop-y-mas\/"},"modified":"2012-11-20T12:10:39","modified_gmt":"2012-11-20T11:10:39","slug":"semana-de-locura-en-periodismo-umh-beata-nowacka-ramon-lobo-pau-llop-y-mas","status":"publish","type":"post","link":"https:\/\/periodismo.umh.es\/ca\/2012\/11\/20\/semana-de-locura-en-periodismo-umh-beata-nowacka-ramon-lobo-pau-llop-y-mas\/","title":{"rendered":"<span lang=\"es\">(Espa\u00f1ol) Semana trepidante en Periodismo UMH con la presencia de Beata Nowacka, Ram\u00f3n Lobo, Pau Llop y m\u00e1s<\/span>"},"content":{"rendered":"<p><\/p>\n<\/p>\n<p><\/p>\n<div class='bookmarkify'><a name='bookmarkify'><\/a><div class='linkbuttons'><a href='http:\/\/www.facebook.com\/share.php?u=https:\/\/periodismo.umh.es\/ca\/2012\/11\/20\/semana-de-locura-en-periodismo-umh-beata-nowacka-ramon-lobo-pau-llop-y-mas\/' title='Save to Facebook' onclick='target=\"_blank\";' rel='nofollow'><img src='https:\/\/periodismo.umh.es\/wp-content\/plugins\/bookmarkify\/facebook.png' style='width:16px; height:16px;' alt='[Facebook] ' \/><\/a> <a href='http:\/\/twitter.com\/home\/?status=<span lang=\"es\">(Espa\u00f1ol) Semana trepidante en Periodismo UMH con la presencia de Beata Nowacka, Ram\u00f3n Lobo, Pau Llop y m\u00e1s<\/span>+https:\/\/periodismo.umh.es\/ca\/2012\/11\/20\/semana-de-locura-en-periodismo-umh-beata-nowacka-ramon-lobo-pau-llop-y-mas\/' title='Save to Twitter' onclick='target=\"_blank\";' rel='nofollow'><img src='https:\/\/periodismo.umh.es\/wp-content\/plugins\/bookmarkify\/twitter.png' style='width:16px; height:16px;' alt='[Twitter] ' \/><\/a> <\/div><\/div>","protected":false},"excerpt":{"rendered":"","protected":false},"author":203,"featured_media":0,"comment_status":"closed","ping_status":"open","sticky":false,"template":"","format":"standard","meta":{"ngg_post_thumbnail":0,"_links_to":"","_links_to_target":""},"categories":[2081],"tags":[3996,2187,3989,3995,4031],"_links":{"self":[{"href":"https:\/\/periodismo.umh.es\/ca\/wp-json\/wp\/v2\/posts\/375"}],"collection":[{"href":"https:\/\/periodismo.umh.es\/ca\/wp-json\/wp\/v2\/posts"}],"about":[{"href":"https:\/\/periodismo.umh.es\/ca\/wp-json\/wp\/v2\/types\/post"}],"author":[{"embeddable":true,"href":"https:\/\/periodismo.umh.es\/ca\/wp-json\/wp\/v2\/users\/203"}],"replies":[{"embeddable":true,"href":"https:\/\/periodismo.umh.es\/ca\/wp-json\/wp\/v2\/comments?post=375"}],"version-history":[{"count":0,"href":"https:\/\/periodismo.umh.es\/ca\/wp-json\/wp\/v2\/posts\/375\/revisions"}],"wp:attachment":[{"href":"https:\/\/periodismo.umh.es\/ca\/wp-json\/wp\/v2\/media?parent=375"}],"wp:term":[{"taxonomy":"category","embeddable":true,"href":"https:\/\/periodismo.umh.es\/ca\/wp-json\/wp\/v2\/categories?post=375"},{"taxonomy":"post_tag","embeddable":true,"href":"https:\/\/periodismo.umh.es\/ca\/wp-json\/wp\/v2\/tags?post=375"}],"curies":[{"name":"wp","href":"https:\/\/api.w.org\/{rel}","templated":true}]}}