{"id":277,"date":"2012-07-20T20:49:11","date_gmt":"2012-07-20T20:49:11","guid":{"rendered":"http:\/\/periodismo.umh.es\/?p=277"},"modified":"2012-07-21T10:31:01","modified_gmt":"2012-07-21T10:31:01","slug":"graduacion-de-la-iii-promocion-de-periodismo-umh-la-generacion-olimpica","status":"publish","type":"post","link":"https:\/\/periodismo.umh.es\/ca\/2012\/07\/20\/graduacion-de-la-iii-promocion-de-periodismo-umh-la-generacion-olimpica\/","title":{"rendered":"<span lang=\"es\">(Espa\u00f1ol) Graduaci\u00f3n de la III Promoci\u00f3n de Periodismo UMH, &#8220;la generaci\u00f3n ol\u00edmpica&#8221;<\/span>"},"content":{"rendered":"<p><\/p>\n<\/p>\n<p><\/p>\n<div class='bookmarkify'><a name='bookmarkify'><\/a><div class='linkbuttons'><a href='http:\/\/www.facebook.com\/share.php?u=https:\/\/periodismo.umh.es\/ca\/2012\/07\/20\/graduacion-de-la-iii-promocion-de-periodismo-umh-la-generacion-olimpica\/' title='Save to Facebook' onclick='target=\"_blank\";' rel='nofollow'><img src='https:\/\/periodismo.umh.es\/wp-content\/plugins\/bookmarkify\/facebook.png' style='width:16px; height:16px;' alt='[Facebook] ' \/><\/a> <a href='http:\/\/twitter.com\/home\/?status=<span lang=\"es\">(Espa\u00f1ol) Graduaci\u00f3n de la III Promoci\u00f3n de Periodismo UMH, &#8220;la generaci\u00f3n ol\u00edmpica&#8221;<\/span>+https:\/\/periodismo.umh.es\/ca\/2012\/07\/20\/graduacion-de-la-iii-promocion-de-periodismo-umh-la-generacion-olimpica\/' title='Save to Twitter' onclick='target=\"_blank\";' rel='nofollow'><img src='https:\/\/periodismo.umh.es\/wp-content\/plugins\/bookmarkify\/twitter.png' style='width:16px; height:16px;' alt='[Twitter] ' \/><\/a> <\/div><\/div>","protected":false},"excerpt":{"rendered":"","protected":false},"author":1762,"featured_media":0,"comment_status":"closed","ping_status":"open","sticky":false,"template":"","format":"standard","meta":{"ngg_post_thumbnail":0,"_links_to":"","_links_to_target":""},"categories":[3663],"tags":[],"_links":{"self":[{"href":"https:\/\/periodismo.umh.es\/ca\/wp-json\/wp\/v2\/posts\/277"}],"collection":[{"href":"https:\/\/periodismo.umh.es\/ca\/wp-json\/wp\/v2\/posts"}],"about":[{"href":"https:\/\/periodismo.umh.es\/ca\/wp-json\/wp\/v2\/types\/post"}],"author":[{"embeddable":true,"href":"https:\/\/periodismo.umh.es\/ca\/wp-json\/wp\/v2\/users\/1762"}],"replies":[{"embeddable":true,"href":"https:\/\/periodismo.umh.es\/ca\/wp-json\/wp\/v2\/comments?post=277"}],"version-history":[{"count":0,"href":"https:\/\/periodismo.umh.es\/ca\/wp-json\/wp\/v2\/posts\/277\/revisions"}],"wp:attachment":[{"href":"https:\/\/periodismo.umh.es\/ca\/wp-json\/wp\/v2\/media?parent=277"}],"wp:term":[{"taxonomy":"category","embeddable":true,"href":"https:\/\/periodismo.umh.es\/ca\/wp-json\/wp\/v2\/categories?post=277"},{"taxonomy":"post_tag","embeddable":true,"href":"https:\/\/periodismo.umh.es\/ca\/wp-json\/wp\/v2\/tags?post=277"}],"curies":[{"name":"wp","href":"https:\/\/api.w.org\/{rel}","templated":true}]}}