{"id":238,"date":"2012-05-26T14:13:49","date_gmt":"2012-05-26T14:13:49","guid":{"rendered":"http:\/\/periodismo.umh.es\/?p=238"},"modified":"2012-05-27T18:53:13","modified_gmt":"2012-05-27T18:53:13","slug":"media-cat-publica-un-anuario-que-recoge-los-silencios-mediaticos-de-2011","status":"publish","type":"post","link":"https:\/\/periodismo.umh.es\/ca\/2012\/05\/26\/media-cat-publica-un-anuario-que-recoge-los-silencios-mediaticos-de-2011\/","title":{"rendered":"<span lang=\"es\">(Espa\u00f1ol) M\u00e8dia.cat publica un anuario que recoge los silencios medi\u00e1ticos<\/span>"},"content":{"rendered":"<p><\/p>\n<\/p>\n<p><\/p>\n<div class='bookmarkify'><a name='bookmarkify'><\/a><div class='linkbuttons'><a href='http:\/\/www.facebook.com\/share.php?u=https:\/\/periodismo.umh.es\/ca\/2012\/05\/26\/media-cat-publica-un-anuario-que-recoge-los-silencios-mediaticos-de-2011\/' title='Save to Facebook' onclick='target=\"_blank\";' rel='nofollow'><img src='https:\/\/periodismo.umh.es\/wp-content\/plugins\/bookmarkify\/facebook.png' style='width:16px; height:16px;' alt='[Facebook] ' \/><\/a> <a href='http:\/\/twitter.com\/home\/?status=<span lang=\"es\">(Espa\u00f1ol) M\u00e8dia.cat publica un anuario que recoge los silencios medi\u00e1ticos<\/span>+https:\/\/periodismo.umh.es\/ca\/2012\/05\/26\/media-cat-publica-un-anuario-que-recoge-los-silencios-mediaticos-de-2011\/' title='Save to Twitter' onclick='target=\"_blank\";' rel='nofollow'><img src='https:\/\/periodismo.umh.es\/wp-content\/plugins\/bookmarkify\/twitter.png' style='width:16px; height:16px;' alt='[Twitter] ' \/><\/a> <\/div><\/div>","protected":false},"excerpt":{"rendered":"","protected":false},"author":1762,"featured_media":0,"comment_status":"closed","ping_status":"open","sticky":false,"template":"","format":"standard","meta":{"ngg_post_thumbnail":0,"_links_to":"","_links_to_target":""},"categories":[2081],"tags":[3485,3483,3484,3486,3487],"_links":{"self":[{"href":"https:\/\/periodismo.umh.es\/ca\/wp-json\/wp\/v2\/posts\/238"}],"collection":[{"href":"https:\/\/periodismo.umh.es\/ca\/wp-json\/wp\/v2\/posts"}],"about":[{"href":"https:\/\/periodismo.umh.es\/ca\/wp-json\/wp\/v2\/types\/post"}],"author":[{"embeddable":true,"href":"https:\/\/periodismo.umh.es\/ca\/wp-json\/wp\/v2\/users\/1762"}],"replies":[{"embeddable":true,"href":"https:\/\/periodismo.umh.es\/ca\/wp-json\/wp\/v2\/comments?post=238"}],"version-history":[{"count":0,"href":"https:\/\/periodismo.umh.es\/ca\/wp-json\/wp\/v2\/posts\/238\/revisions"}],"wp:attachment":[{"href":"https:\/\/periodismo.umh.es\/ca\/wp-json\/wp\/v2\/media?parent=238"}],"wp:term":[{"taxonomy":"category","embeddable":true,"href":"https:\/\/periodismo.umh.es\/ca\/wp-json\/wp\/v2\/categories?post=238"},{"taxonomy":"post_tag","embeddable":true,"href":"https:\/\/periodismo.umh.es\/ca\/wp-json\/wp\/v2\/tags?post=238"}],"curies":[{"name":"wp","href":"https:\/\/api.w.org\/{rel}","templated":true}]}}