{"id":1762,"date":"2017-03-08T11:17:42","date_gmt":"2017-03-08T10:17:42","guid":{"rendered":"http:\/\/periodismo.umh.es\/?p=1762"},"modified":"2017-03-09T10:34:38","modified_gmt":"2017-03-09T09:34:38","slug":"cursos-para-la-elaboracion-del-tfg-dirigidos-a-los-estudiantes-de-la-facultad-de-ciencias-sociales-y-humanas","status":"publish","type":"post","link":"https:\/\/periodismo.umh.es\/ca\/2017\/03\/08\/cursos-para-la-elaboracion-del-tfg-dirigidos-a-los-estudiantes-de-la-facultad-de-ciencias-sociales-y-humanas\/","title":{"rendered":"Cursos per a l&#8217;elaboraci\u00f3 del TFG adre\u00e7ades als estudiants de la Facultat de Ci\u00e8ncies Socials i Humanes"},"content":{"rendered":"<p class=\"qtranxs-available-languages-message qtranxs-available-languages-message-ca\">Ho sentim, aquesta entrada es troba disponible \u00fanicament en <a href=\"https:\/\/periodismo.umh.es\/es\/wp-json\/wp\/v2\/posts\/1762\" class=\"qtranxs-available-language-link qtranxs-available-language-link-es\" title=\"Espa\u00f1ol\">Espanyol Europeu<\/a>.<\/p>","protected":false},"excerpt":{"rendered":"<p>Ho sentim, aquesta entrada es troba disponible \u00fanicament en Espanyol Europeu.<\/p>\n","protected":false},"author":204,"featured_media":0,"comment_status":"closed","ping_status":"open","sticky":false,"template":"","format":"standard","meta":{"ngg_post_thumbnail":0,"_links_to":"","_links_to_target":""},"categories":[10238,10239],"tags":[41091,2257,57514,53104],"_links":{"self":[{"href":"https:\/\/periodismo.umh.es\/ca\/wp-json\/wp\/v2\/posts\/1762"}],"collection":[{"href":"https:\/\/periodismo.umh.es\/ca\/wp-json\/wp\/v2\/posts"}],"about":[{"href":"https:\/\/periodismo.umh.es\/ca\/wp-json\/wp\/v2\/types\/post"}],"author":[{"embeddable":true,"href":"https:\/\/periodismo.umh.es\/ca\/wp-json\/wp\/v2\/users\/204"}],"replies":[{"embeddable":true,"href":"https:\/\/periodismo.umh.es\/ca\/wp-json\/wp\/v2\/comments?post=1762"}],"version-history":[{"count":0,"href":"https:\/\/periodismo.umh.es\/ca\/wp-json\/wp\/v2\/posts\/1762\/revisions"}],"wp:attachment":[{"href":"https:\/\/periodismo.umh.es\/ca\/wp-json\/wp\/v2\/media?parent=1762"}],"wp:term":[{"taxonomy":"category","embeddable":true,"href":"https:\/\/periodismo.umh.es\/ca\/wp-json\/wp\/v2\/categories?post=1762"},{"taxonomy":"post_tag","embeddable":true,"href":"https:\/\/periodismo.umh.es\/ca\/wp-json\/wp\/v2\/tags?post=1762"}],"curies":[{"name":"wp","href":"https:\/\/api.w.org\/{rel}","templated":true}]}}