{"id":1611,"date":"2016-07-13T11:53:30","date_gmt":"2016-07-13T09:53:30","guid":{"rendered":"http:\/\/periodismo.umh.es\/?p=1611"},"modified":"2016-07-13T11:54:21","modified_gmt":"2016-07-13T09:54:21","slug":"nueve-razones-para-matricularte-en-el-master-en-innovacion-en-periodismo","status":"publish","type":"post","link":"https:\/\/periodismo.umh.es\/ca\/2016\/07\/13\/nueve-razones-para-matricularte-en-el-master-en-innovacion-en-periodismo\/","title":{"rendered":"<span lang=\"es\">(Espa\u00f1ol) Nueve razones para matricularte en el M\u00e1ster en Innovaci\u00f3n en Periodismo<\/span>"},"content":{"rendered":"<p class=\"qtranxs-available-languages-message qtranxs-available-languages-message-ca\">Ho sentim, aquesta entrada es troba disponible \u00fanicament en <a href=\"https:\/\/periodismo.umh.es\/es\/wp-json\/wp\/v2\/posts\/1611\" class=\"qtranxs-available-language-link qtranxs-available-language-link-es\" title=\"Espa\u00f1ol\">Espanyol Europeu<\/a>.<\/p>","protected":false},"excerpt":{"rendered":"<p>Ho sentim, aquesta entrada es troba disponible \u00fanicament en Espanyol Europeu.<\/p>\n","protected":false},"author":171,"featured_media":0,"comment_status":"closed","ping_status":"open","sticky":false,"template":"","format":"standard","meta":{"ngg_post_thumbnail":0,"_links_to":"","_links_to_target":""},"categories":[4820],"tags":[],"_links":{"self":[{"href":"https:\/\/periodismo.umh.es\/ca\/wp-json\/wp\/v2\/posts\/1611"}],"collection":[{"href":"https:\/\/periodismo.umh.es\/ca\/wp-json\/wp\/v2\/posts"}],"about":[{"href":"https:\/\/periodismo.umh.es\/ca\/wp-json\/wp\/v2\/types\/post"}],"author":[{"embeddable":true,"href":"https:\/\/periodismo.umh.es\/ca\/wp-json\/wp\/v2\/users\/171"}],"replies":[{"embeddable":true,"href":"https:\/\/periodismo.umh.es\/ca\/wp-json\/wp\/v2\/comments?post=1611"}],"version-history":[{"count":0,"href":"https:\/\/periodismo.umh.es\/ca\/wp-json\/wp\/v2\/posts\/1611\/revisions"}],"wp:attachment":[{"href":"https:\/\/periodismo.umh.es\/ca\/wp-json\/wp\/v2\/media?parent=1611"}],"wp:term":[{"taxonomy":"category","embeddable":true,"href":"https:\/\/periodismo.umh.es\/ca\/wp-json\/wp\/v2\/categories?post=1611"},{"taxonomy":"post_tag","embeddable":true,"href":"https:\/\/periodismo.umh.es\/ca\/wp-json\/wp\/v2\/tags?post=1611"}],"curies":[{"name":"wp","href":"https:\/\/api.w.org\/{rel}","templated":true}]}}