{"id":1185,"date":"2014-12-10T12:53:22","date_gmt":"2014-12-10T11:53:22","guid":{"rendered":"http:\/\/periodismo.umh.es\/?p=1185"},"modified":"2014-12-10T15:38:19","modified_gmt":"2014-12-10T14:38:19","slug":"la-innovacion-periodistica-y-el-periodismo-de-paz-en-rec-radio","status":"publish","type":"post","link":"https:\/\/periodismo.umh.es\/ca\/2014\/12\/10\/la-innovacion-periodistica-y-el-periodismo-de-paz-en-rec-radio\/","title":{"rendered":"<span lang=\"es\">(Espa\u00f1ol) LA INNOVACI\u00d3N PERIOD\u00cdSTICA Y EL PERIODISMO DE PAZ EN REC RADIO<\/span>"},"content":{"rendered":"<p class=\"qtranxs-available-languages-message qtranxs-available-languages-message-ca\">Ho sentim, aquesta entrada es troba disponible \u00fanicament en <a href=\"https:\/\/periodismo.umh.es\/es\/wp-json\/wp\/v2\/posts\/1185\" class=\"qtranxs-available-language-link qtranxs-available-language-link-es\" title=\"Espa\u00f1ol\">Espanyol Europeu<\/a>.<\/p>","protected":false},"excerpt":{"rendered":"<p>Ho sentim, aquesta entrada es troba disponible \u00fanicament en Espanyol Europeu.<\/p>\n","protected":false},"author":3060,"featured_media":0,"comment_status":"closed","ping_status":"open","sticky":false,"template":"","format":"standard","meta":{"ngg_post_thumbnail":0,"_links_to":"","_links_to_target":""},"categories":[4820,2145,3873],"tags":[31447,222,17916,3998,31446,31445,53100],"_links":{"self":[{"href":"https:\/\/periodismo.umh.es\/ca\/wp-json\/wp\/v2\/posts\/1185"}],"collection":[{"href":"https:\/\/periodismo.umh.es\/ca\/wp-json\/wp\/v2\/posts"}],"about":[{"href":"https:\/\/periodismo.umh.es\/ca\/wp-json\/wp\/v2\/types\/post"}],"author":[{"embeddable":true,"href":"https:\/\/periodismo.umh.es\/ca\/wp-json\/wp\/v2\/users\/3060"}],"replies":[{"embeddable":true,"href":"https:\/\/periodismo.umh.es\/ca\/wp-json\/wp\/v2\/comments?post=1185"}],"version-history":[{"count":0,"href":"https:\/\/periodismo.umh.es\/ca\/wp-json\/wp\/v2\/posts\/1185\/revisions"}],"wp:attachment":[{"href":"https:\/\/periodismo.umh.es\/ca\/wp-json\/wp\/v2\/media?parent=1185"}],"wp:term":[{"taxonomy":"category","embeddable":true,"href":"https:\/\/periodismo.umh.es\/ca\/wp-json\/wp\/v2\/categories?post=1185"},{"taxonomy":"post_tag","embeddable":true,"href":"https:\/\/periodismo.umh.es\/ca\/wp-json\/wp\/v2\/tags?post=1185"}],"curies":[{"name":"wp","href":"https:\/\/api.w.org\/{rel}","templated":true}]}}