{"id":107,"date":"2012-03-20T17:27:48","date_gmt":"2012-03-20T17:27:48","guid":{"rendered":"http:\/\/periodismo.umh.es\/?p=107"},"modified":"2012-03-20T20:19:17","modified_gmt":"2012-03-20T20:19:17","slug":"periodismo-mutante-llegan-las-vii-jornadas-internacionales-de-periodismo","status":"publish","type":"post","link":"https:\/\/periodismo.umh.es\/ca\/2012\/03\/20\/periodismo-mutante-llegan-las-vii-jornadas-internacionales-de-periodismo\/","title":{"rendered":"Periodisme Mutant: arriben les VII Jornades Internacionals"},"content":{"rendered":"<p><\/p>\n<p><p>Durant els dies<strong> 21 i 22 de mar\u00e7<\/strong> se celebraran l<strong>es VII Jornades Internacionals de Periodisme<\/strong> a l&#8217;Aula Magna de l&#8217;edifici Altabix. Sota el t\u00edtol &#8220;Periodismo Mutante&#8221;, les jornades tractaran sobre els nous perfils per a mitjans de comunicaci\u00f3 en transformaci\u00f3.<\/p>\n<p>En aquesta setena edici\u00f3 destaca la pres\u00e8ncia de personatges molt lligats al periodisme digital com <strong>Luis Collado<\/strong> (director de Google News i Google Books a Espanya i Portugal),<strong> Albert Montagut<\/strong> (periodista i exdirector de l&#8217;ADN), o<strong> Juan Varela<\/strong> (autor de periodistas21.com).<\/p>\n<p>Aquestes Jornades Internacionals porten amb si <strong>nous formats de participaci\u00f3<\/strong>. D&#8217;una banda, qualsevol estudiant o interessat en les Jornades podr\u00e0 participar en un col\u00b7loqui obert a trav\u00e9s del hashtag <strong>#jpumh <\/strong>de Twiiter. A m\u00e9s, s&#8217;introduir\u00e0 un nou format d&#8217;entrevista: 6 estudiants de Periodisme entrevistaran a Albert Montagut.<\/p>\n<p><a href=\"https:\/\/periodismo.umh.es\/files\/2012\/02\/para_jornadas.jpg\"><img loading=\"lazy\" class=\"alignleft size-large wp-image-109\" title=\"folleto.FH11\" src=\"https:\/\/periodismo.umh.es\/files\/2012\/02\/para_jornadas-1024x677.jpg\" alt=\"\" width=\"750\" height=\"400\" \/><\/a><\/p>\n<p>L&#8217;\u00faltima sessi\u00f3 ser\u00e0 per lliurar el premi del<strong> IV Repotatje Period\u00edstic Ricardo Ortega<\/strong>, amb la pres\u00e8ncia de la directora de comunicaci\u00f3 de la FNAC, Candelaria S\u00e1nchez.<\/p>\n<p><strong>Preus<\/strong>:<\/p>\n<ul>\n<li>P\u00fablic en general: 30 euros<\/li>\n<li>Membres de l&#8217;Associaci\u00f3 de Premsa d&#8217;Alacant: 20 euros<\/li>\n<li>Alumnes i antics alumnes de la *UMH: 10 euros<\/li>\n<li>Reconeixement: 1 cr\u00e8dit de lliure elecci\u00f3<\/li>\n<\/ul>\n<p><strong>Pagament<\/strong>: s&#8217;ha de realitzar a trav\u00e9s de la web http:\/\/www.umh.es\/recibos en l&#8217;apartat de &#8220;Congressos, Jornades i Conferencies&#8221;\/ &#8220;Jornades de Periodisme&#8221;.<\/p>\n<p><strong>Contacte i m\u00e9s informaci\u00f3<\/strong>: Secretaria Faculteu de Ci\u00e8ncies Socials i Jur\u00eddiques.<\/p>\n<p>Av. de la Universitat s\/n, Elx &#8211; 03202.<\/p>\n<p>Tel\u00e8fon: 966 658 792<\/p>\n<p><strong>Direcci\u00f3<\/strong>: Professor Sergio Mart\u00ednez *Mahugo<\/p>\n<p><a href=\"https:\/\/periodismo.umh.es\/files\/2012\/02\/folleto_2.jpg\"><img loading=\"lazy\" class=\"alignleft size-large wp-image-110\" title=\"folleto.FH11\" src=\"https:\/\/periodismo.umh.es\/files\/2012\/02\/folleto_2-1024x541.jpg\" alt=\"\" width=\"1024\" height=\"541\" srcset=\"https:\/\/periodismo.umh.es\/files\/2012\/02\/folleto_2-1024x541.jpg 1024w, https:\/\/periodismo.umh.es\/files\/2012\/02\/folleto_2-300x158.jpg 300w\" sizes=\"(max-width: 1024px) 100vw, 1024px\" \/><\/a><\/p>\n<\/p>\n<p><\/p>\n<div class='bookmarkify'><a name='bookmarkify'><\/a><div class='linkbuttons'><a href='http:\/\/www.facebook.com\/share.php?u=https:\/\/periodismo.umh.es\/ca\/2012\/03\/20\/periodismo-mutante-llegan-las-vii-jornadas-internacionales-de-periodismo\/' title='Save to Facebook' onclick='target=\"_blank\";' rel='nofollow'><img src='https:\/\/periodismo.umh.es\/wp-content\/plugins\/bookmarkify\/facebook.png' style='width:16px; height:16px;' alt='[Facebook] ' \/><\/a> <a href='http:\/\/twitter.com\/home\/?status=Periodisme Mutant: arriben les VII Jornades Internacionals+https:\/\/periodismo.umh.es\/ca\/2012\/03\/20\/periodismo-mutante-llegan-las-vii-jornadas-internacionales-de-periodismo\/' title='Save to Twitter' onclick='target=\"_blank\";' rel='nofollow'><img src='https:\/\/periodismo.umh.es\/wp-content\/plugins\/bookmarkify\/twitter.png' style='width:16px; height:16px;' alt='[Twitter] ' \/><\/a> <\/div><\/div>","protected":false},"excerpt":{"rendered":"<p>Durant els dies 21 i 22 de mar\u00e7 se celebraran les VII Jornades Internacionals de Periodisme a l&#8217;Aula Magna de l&#8217;edifici Altabix. Sota el t\u00edtol &#8220;Periodismo Mutante&#8221;, les jornades tractaran sobre els nous perfils per a mitjans de comunicaci\u00f3 en transformaci\u00f3.<br \/>\nEn aquesta setena edici\u00f3 destaca la pres\u00e8ncia de personatges molt lligats al periodisme digital com [&#8230;]<\/p>\n","protected":false},"author":1762,"featured_media":0,"comment_status":"closed","ping_status":"open","sticky":false,"template":"","format":"standard","meta":{"ngg_post_thumbnail":0,"_links_to":"","_links_to_target":""},"categories":[988,17897],"tags":[2188,2776,2361,2068,2774,2775,159],"_links":{"self":[{"href":"https:\/\/periodismo.umh.es\/ca\/wp-json\/wp\/v2\/posts\/107"}],"collection":[{"href":"https:\/\/periodismo.umh.es\/ca\/wp-json\/wp\/v2\/posts"}],"about":[{"href":"https:\/\/periodismo.umh.es\/ca\/wp-json\/wp\/v2\/types\/post"}],"author":[{"embeddable":true,"href":"https:\/\/periodismo.umh.es\/ca\/wp-json\/wp\/v2\/users\/1762"}],"replies":[{"embeddable":true,"href":"https:\/\/periodismo.umh.es\/ca\/wp-json\/wp\/v2\/comments?post=107"}],"version-history":[{"count":0,"href":"https:\/\/periodismo.umh.es\/ca\/wp-json\/wp\/v2\/posts\/107\/revisions"}],"wp:attachment":[{"href":"https:\/\/periodismo.umh.es\/ca\/wp-json\/wp\/v2\/media?parent=107"}],"wp:term":[{"taxonomy":"category","embeddable":true,"href":"https:\/\/periodismo.umh.es\/ca\/wp-json\/wp\/v2\/categories?post=107"},{"taxonomy":"post_tag","embeddable":true,"href":"https:\/\/periodismo.umh.es\/ca\/wp-json\/wp\/v2\/tags?post=107"}],"curies":[{"name":"wp","href":"https:\/\/api.w.org\/{rel}","templated":true}]}}