{"id":1013,"date":"2014-09-30T11:27:26","date_gmt":"2014-09-30T09:27:26","guid":{"rendered":"http:\/\/periodismo.umh.es\/?p=1013"},"modified":"2014-09-30T16:32:47","modified_gmt":"2014-09-30T14:32:47","slug":"congreso-storytelling-works-la-innovacion-creativa-en-la-comunicacion-del-siglo-xxi","status":"publish","type":"post","link":"https:\/\/periodismo.umh.es\/ca\/2014\/09\/30\/congreso-storytelling-works-la-innovacion-creativa-en-la-comunicacion-del-siglo-xxi\/","title":{"rendered":"<span lang=\"es\">(Espa\u00f1ol) CONGRESO STORYTELLING WORKS: LA INNOVACI\u00d3N CREATIVA EN LA COMUNICACI\u00d3N DEL SIGLO XXI<\/span>"},"content":{"rendered":"<p class=\"qtranxs-available-languages-message qtranxs-available-languages-message-ca\">Ho sentim, aquesta entrada es troba disponible \u00fanicament en <a href=\"https:\/\/periodismo.umh.es\/es\/wp-json\/wp\/v2\/posts\/1013\" class=\"qtranxs-available-language-link qtranxs-available-language-link-es\" title=\"Espa\u00f1ol\">Espanyol Europeu<\/a>.<\/p>","protected":false},"excerpt":{"rendered":"<p>Ho sentim, aquesta entrada es troba disponible \u00fanicament en Espanyol Europeu.<\/p>\n","protected":false},"author":3060,"featured_media":0,"comment_status":"closed","ping_status":"open","sticky":false,"template":"","format":"standard","meta":{"ngg_post_thumbnail":0,"_links_to":"","_links_to_target":""},"categories":[988],"tags":[77,222,9340],"_links":{"self":[{"href":"https:\/\/periodismo.umh.es\/ca\/wp-json\/wp\/v2\/posts\/1013"}],"collection":[{"href":"https:\/\/periodismo.umh.es\/ca\/wp-json\/wp\/v2\/posts"}],"about":[{"href":"https:\/\/periodismo.umh.es\/ca\/wp-json\/wp\/v2\/types\/post"}],"author":[{"embeddable":true,"href":"https:\/\/periodismo.umh.es\/ca\/wp-json\/wp\/v2\/users\/3060"}],"replies":[{"embeddable":true,"href":"https:\/\/periodismo.umh.es\/ca\/wp-json\/wp\/v2\/comments?post=1013"}],"version-history":[{"count":0,"href":"https:\/\/periodismo.umh.es\/ca\/wp-json\/wp\/v2\/posts\/1013\/revisions"}],"wp:attachment":[{"href":"https:\/\/periodismo.umh.es\/ca\/wp-json\/wp\/v2\/media?parent=1013"}],"wp:term":[{"taxonomy":"category","embeddable":true,"href":"https:\/\/periodismo.umh.es\/ca\/wp-json\/wp\/v2\/categories?post=1013"},{"taxonomy":"post_tag","embeddable":true,"href":"https:\/\/periodismo.umh.es\/ca\/wp-json\/wp\/v2\/tags?post=1013"}],"curies":[{"name":"wp","href":"https:\/\/api.w.org\/{rel}","templated":true}]}}